{"id":836,"date":"2025-05-20T13:10:13","date_gmt":"2025-05-20T13:10:13","guid":{"rendered":"https:\/\/www.iparcours.fr\/news\/?p=836"},"modified":"2025-05-22T07:24:38","modified_gmt":"2025-05-22T07:24:38","slug":"coherence-3-ouvrages-iparcours-6e","status":"publish","type":"post","link":"https:\/\/www.iparcours.fr\/news\/coherence-3-ouvrages-iparcours-6e\/","title":{"rendered":"Les 3 ouvrages iParcours 6e : ligne \u00e9ditoriale et coh\u00e9rence d&rsquo;ensemble"},"content":{"rendered":"\n<p>Adapt\u00e9e aux <a href=\"https:\/\/www.iparcours.fr\/news\/nouveaux-programmes-maths-2025\/\" target=\"_blank\" rel=\"noreferrer noopener\">nouveaux programmes<\/a>, la collection <em>iParcours Maths<\/em> en 6e se d\u00e9cline en <strong>3 ouvrages distincts<\/strong> : un manuel, un cahier-manuel et un cahier d&rsquo;exercices. <\/p>\n\n\n\n<p>M\u00eame si ces 3 ouvrages peuvent \u00eatre utilis\u00e9s ind\u00e9pendamment les uns des autres (et m\u00eame coupl\u00e9s avec d&rsquo;autres ressources), ils<strong> suivent une ligne \u00e9ditoriale commune<\/strong> et sont pens\u00e9s dans la <strong>compl\u00e9mentarit\u00e9<\/strong>.<\/p>\n\n\n\n<div class=\"wp-block-columns is-layout-flex wp-container-core-columns-is-layout-9d6595d7 wp-block-columns-is-layout-flex\">\n<div class=\"wp-block-column is-layout-flow wp-block-column-is-layout-flow\" style=\"flex-basis:100%\"><div class=\"wp-block-image\">\n<figure class=\"alignright is-resized\"><img loading=\"lazy\" decoding=\"async\" width=\"1024\" height=\"1016\" src=\"https:\/\/www.iparcours.fr\/news\/wp-content\/uploads\/2025\/05\/visuel-actualites-generation5-avril25-1024x1016.jpg\" alt=\"Ouvrages iParcours Maths 6e (\u00e9d. 2025)\" class=\"wp-image-844\" style=\"width:440px;height:auto\" srcset=\"https:\/\/www.iparcours.fr\/news\/wp-content\/uploads\/2025\/05\/visuel-actualites-generation5-avril25-1024x1016.jpg 1024w, https:\/\/www.iparcours.fr\/news\/wp-content\/uploads\/2025\/05\/visuel-actualites-generation5-avril25-300x298.jpg 300w, https:\/\/www.iparcours.fr\/news\/wp-content\/uploads\/2025\/05\/visuel-actualites-generation5-avril25-150x150.jpg 150w, https:\/\/www.iparcours.fr\/news\/wp-content\/uploads\/2025\/05\/visuel-actualites-generation5-avril25-768x762.jpg 768w, https:\/\/www.iparcours.fr\/news\/wp-content\/uploads\/2025\/05\/visuel-actualites-generation5-avril25-1200x1191.jpg 1200w, https:\/\/www.iparcours.fr\/news\/wp-content\/uploads\/2025\/05\/visuel-actualites-generation5-avril25.jpg 1300w\" sizes=\"auto, (max-width: 709px) 85vw, (max-width: 909px) 67vw, (max-width: 1362px) 62vw, 840px\" \/><\/figure>\n<\/div><\/div>\n<\/div>\n\n\n\n<h2 class=\"wp-block-heading\">Des ouvrages papier optimis\u00e9s et complets<\/h2>\n\n\n\n<p>Il s&rsquo;inscrivent tous les trois dans une <strong>forme de sobri\u00e9t\u00e9<\/strong> : la quantit\u00e9 de papier n\u00e9cessaire est <strong>largement optimis\u00e9e<\/strong> gr\u00e2ce \u00e0 une grande densit\u00e9 de contenus.<\/p>\n\n\n\n<p>Cela permet par exemple d&rsquo;avoir un <strong>manuel tr\u00e8s complet avec seulement 176 pages <\/strong>: moins de papier, moins de poids dans les cartables&#8230; mais une quantit\u00e9 d&rsquo;exercices (<strong>plus de 900 exercices<\/strong> pour le manuel) et de situations qui permettent largement \u00e0 l&rsquo;enseignant de <strong>choisir les ressources \u00e0 utiliser <\/strong>pour sa classe selon ses besoins. <\/p>\n\n\n\n<p>Il en va de m\u00eame pour les <strong>cahiers <\/strong>: En <strong>128 pages pour le cahier d&rsquo;exercices<\/strong>, ou <strong>160 pages pour le cahier-manuel<\/strong>, il est d\u00e9j\u00e0 presque impossible de traiter tous les exercices avec les \u00e9l\u00e8ves pendant l&rsquo;ann\u00e9e scolaire. <br>Pour autant, m\u00eame resserr\u00e9e, la pr\u00e9sentation a \u00e9t\u00e9 <strong>pens\u00e9e pour \u00eatre la plus attractive possible<\/strong> : couleurs, illustrations&#8230; et une <strong>place suffisante pour que les \u00e9l\u00e8ves puissent r\u00e9pondre<\/strong> dans les 2 cahiers. <\/p>\n\n\n\n<div class=\"wp-block-columns is-layout-flex wp-container-core-columns-is-layout-9d6595d7 wp-block-columns-is-layout-flex\">\n<div class=\"wp-block-column is-layout-flow wp-block-column-is-layout-flow\" style=\"flex-basis:100%\"><div class=\"wp-block-image\">\n<figure class=\"alignright size-large is-resized\"><img loading=\"lazy\" decoding=\"async\" width=\"1024\" height=\"695\" src=\"https:\/\/www.iparcours.fr\/news\/wp-content\/uploads\/2025\/05\/extrait-cahier-manuel-iparcours-maths-6e-1024x695.png\" alt=\"Exemple de pages d'exercices du Cahier-manuel iParcours Maths 6e\" class=\"wp-image-865\" style=\"width:452px;height:auto\" title=\"Exemple de pages d'exercices du Cahier-manuel iParcours Maths 6e\" srcset=\"https:\/\/www.iparcours.fr\/news\/wp-content\/uploads\/2025\/05\/extrait-cahier-manuel-iparcours-maths-6e-1024x695.png 1024w, https:\/\/www.iparcours.fr\/news\/wp-content\/uploads\/2025\/05\/extrait-cahier-manuel-iparcours-maths-6e-300x204.png 300w, https:\/\/www.iparcours.fr\/news\/wp-content\/uploads\/2025\/05\/extrait-cahier-manuel-iparcours-maths-6e-768x521.png 768w, https:\/\/www.iparcours.fr\/news\/wp-content\/uploads\/2025\/05\/extrait-cahier-manuel-iparcours-maths-6e-1200x814.png 1200w, https:\/\/www.iparcours.fr\/news\/wp-content\/uploads\/2025\/05\/extrait-cahier-manuel-iparcours-maths-6e.png 1500w\" sizes=\"auto, (max-width: 709px) 85vw, (max-width: 909px) 67vw, (max-width: 1362px) 62vw, 840px\" \/><\/figure>\n<\/div><\/div>\n<\/div>\n\n\n\n<h2 class=\"wp-block-heading\">Du contenu p\u00e9dagogique num\u00e9rique gratuit, compl\u00e9mentaire au papier<\/h2>\n\n\n\n<p>Par ailleurs, un grand nombre de <strong>ressources connexes <\/strong>(QCM, m\u00e9thodes, outils, activit\u00e9s compl\u00e9mentaires, exercices corrig\u00e9s&#8230;) trouvent naturellement leur place dans la<strong> version num\u00e9rique gratuite du manuel et des cahiers<\/strong> accessible sur le <a href=\"https:\/\/www.iparcours.fr\/views\/cahiers-num-college-maths.php\" target=\"_blank\" rel=\"noreferrer noopener\">site iParcours<\/a>.<br>Comme ils sont gratuits, ils sont <strong>totalement accessibles aux \u00e9l\u00e8ves<\/strong> et permettent donc en grande partie de <strong>limiter le recours au papier<\/strong>.<\/p>\n\n\n\n<p>Enfin, l&rsquo;<strong>interactivit\u00e9 du num\u00e9rique <\/strong>(QCM al\u00e9atoiris\u00e9s, aides anim\u00e9es, exercices corrig\u00e9s par animation) permet de <strong>valoriser ces contenus<\/strong> bien plus que sur le papier.<\/p>\n\n\n\n<figure class=\"wp-block-image size-full is-resized\"><img loading=\"lazy\" decoding=\"async\" width=\"796\" height=\"595\" src=\"https:\/\/www.iparcours.fr\/news\/wp-content\/uploads\/2025\/02\/Capture-decran-2025-02-26-140953.png\" alt=\"Activit\u00e9 de d\u00e9couverte Maths 6e (programmes 2025)\" class=\"wp-image-774\" style=\"width:590px;height:auto\" title=\"Activit\u00e9 de d\u00e9couverte Maths 6e (programmes 2025)\" srcset=\"https:\/\/www.iparcours.fr\/news\/wp-content\/uploads\/2025\/02\/Capture-decran-2025-02-26-140953.png 796w, https:\/\/www.iparcours.fr\/news\/wp-content\/uploads\/2025\/02\/Capture-decran-2025-02-26-140953-300x224.png 300w, https:\/\/www.iparcours.fr\/news\/wp-content\/uploads\/2025\/02\/Capture-decran-2025-02-26-140953-768x574.png 768w\" sizes=\"auto, (max-width: 709px) 85vw, (max-width: 909px) 67vw, (max-width: 984px) 61vw, (max-width: 1362px) 45vw, 600px\" \/><\/figure>\n\n\n\n<h2 class=\"wp-block-heading\">La compl\u00e9mentarit\u00e9 des 3 ouvrages<\/h2>\n\n\n\n<p>Les 3 ouvrages iParcours 6e ont le m\u00eame chapitrage et ont des <strong>parties communes<\/strong> :<\/p>\n\n\n\n<ul class=\"wp-block-list\">\n<li>Le <strong>manuel et le cahier-manuel<\/strong> ont les <strong>cours en commun<\/strong>. <br>Pour autant, ils peuvent <strong>\u00eatre utilis\u00e9s conjointement sans redondance<\/strong> : en effet, le <strong>cours du cahier-manuel sera conserv\u00e9<\/strong> d&rsquo;une ann\u00e9e sur l&rsquo;autre par l&rsquo;\u00e9l\u00e8ve et il pourra, par exemple, le surligner ou l&rsquo;annoter, ce qui n&rsquo;est pas possible avec le cours du manuel.<br><\/li>\n\n\n\n<li>Les <strong>exercices du cahier-manuel et du cahier d&rsquo;exercices sont identiques<\/strong> : certains enseignants pr\u00e9f\u00e9reront avoir un cours complet ou non dans le cahier, ce qui leur laisse un choix suppl\u00e9mentaire.<br><\/li>\n\n\n\n<li>Il n&rsquo;y a des<strong> activit\u00e9s de d\u00e9couverte sous forme papier<\/strong> <strong>que dans le manuel<\/strong>. <br>Ces activit\u00e9s sont cependant disponibles gratuitement<strong> <a href=\"https:\/\/www.iparcours.fr\/news\/activites-de-decouverte-au-videoprojecteur-dans-les-cahiers-numeriques-iparcours\/\" target=\"_blank\" rel=\"noreferrer noopener\">sous formes d&rsquo;animations vid\u00e9oprojetables<\/a> dans les deux cahiers num\u00e9riques<\/strong>. Cela permet d&rsquo;ailleurs de d\u00e9voiler l&rsquo;activit\u00e9 pas \u00e0 pas, l\u00e0 o\u00f9 la conclusion est d\u00e9j\u00e0 souvent visible dans la version papier. <br><\/li>\n\n\n\n<li>Il n&rsquo;y a un lexique papier que dans le manuel. Mais il sert de base \u00e0 un<a href=\"https:\/\/www.iparcours.fr\/news\/lexique-cliquable-dans-les-cahiers-numeriques-iparcours\/\"> lexique cliquable<\/a> pr\u00e9sent dans les cahiers num\u00e9riques (et pr\u00e9sent aussi dans le manuel num\u00e9rique).<br><\/li>\n\n\n\n<li>Les <strong>exercices entre le manuel et les cahiers<\/strong> sont compl\u00e8tement <strong>diff\u00e9rents mais compl\u00e9mentaires<\/strong> : <br>&gt; il y a un peu plus d&rsquo;<strong>exercices d&rsquo;entrainement dans le cahier <\/strong>;<br>&gt; et un peu plus d&rsquo;<strong>exercices d&rsquo;approfondissement dans le manuel<\/strong>.<br>Cette compl\u00e9mentarit\u00e9 offre de <strong>multiples usages p\u00e9dagogiques<\/strong> possibles : par exemple, les manuels peuvent rester en classe ou \u00e0 la maison, les cahiers peuvent remplacer en partie les cahiers des \u00e9l\u00e8ves&#8230;<\/li>\n<\/ul>\n\n\n\n<div class=\"wp-block-columns is-layout-flex wp-container-core-columns-is-layout-9d6595d7 wp-block-columns-is-layout-flex\">\n<div class=\"wp-block-column is-layout-flow wp-block-column-is-layout-flow\" style=\"flex-basis:100%\"><div class=\"wp-block-image\">\n<figure class=\"alignright size-large is-resized\"><img loading=\"lazy\" decoding=\"async\" width=\"1024\" height=\"732\" src=\"https:\/\/www.iparcours.fr\/news\/wp-content\/uploads\/2025\/05\/extrait-manuel-iparcours-maths-6e-1024x732.png\" alt=\"Exemple de pages d'exercices du Manuel iParcours Maths 6e\" class=\"wp-image-875\" style=\"width:443px;height:auto\" title=\"Exemple de pages d'exercices du Manuel iParcours Maths 6e\" srcset=\"https:\/\/www.iparcours.fr\/news\/wp-content\/uploads\/2025\/05\/extrait-manuel-iparcours-maths-6e-1024x732.png 1024w, https:\/\/www.iparcours.fr\/news\/wp-content\/uploads\/2025\/05\/extrait-manuel-iparcours-maths-6e-300x215.png 300w, https:\/\/www.iparcours.fr\/news\/wp-content\/uploads\/2025\/05\/extrait-manuel-iparcours-maths-6e-768x549.png 768w, https:\/\/www.iparcours.fr\/news\/wp-content\/uploads\/2025\/05\/extrait-manuel-iparcours-maths-6e.png 1200w\" sizes=\"auto, (max-width: 709px) 85vw, (max-width: 909px) 67vw, (max-width: 1362px) 62vw, 840px\" \/><\/figure>\n<\/div><\/div>\n<\/div>\n\n\n\n<p>Les <strong>cahiers et manuels num\u00e9riques resteront accessibles aux \u00e9l\u00e8ves<\/strong>, m\u00eame quand l&rsquo;ann\u00e9e scolaire sera termin\u00e9e. Il en va de m\u00eame des cahiers papiers. <br>Cela est <strong>valable pour tous les niveaux<\/strong> de coll\u00e8ge mais plus g\u00e9n\u00e9ralement <strong>du CE2 \u00e0 la 3e<\/strong>. <\/p>\n\n\n\n<p>La <strong>coh\u00e9rence p\u00e9dagogique entre les 3 ouvrages de 6e <\/strong>est donc \u00e0 voir plus largement,<strong> du cycle 2 au cycle 4<\/strong> (dont les programmes entreront en vigueur en 2026).<\/p>\n\n\n\n<p><strong>En savoir plus sur chacun des ouvrages :<\/strong><br>&#8211; <a href=\"https:\/\/www.generation5.fr\/477--manuel-iparcours-maths-6e-2025.php\">Manuel iParcours Maths 6e (\u00e9d. 2025)<\/a><br>&#8211; <a href=\"https:\/\/www.generation5.fr\/479--cahier-manuel-iparcours-maths-6e-2025.php\" target=\"_blank\" rel=\"noreferrer noopener\">Cahier-manuel iParcours Maths 6e (\u00e9d. 2025)<\/a><br>&#8211; <a href=\"https:\/\/www.generation5.fr\/478--cahier-exercices-iparcours-maths-6e-2025.php\" target=\"_blank\" rel=\"noreferrer noopener\">Cahier d&rsquo;exercices iParcours Maths 6e (\u00e9d. 2025)<\/a><\/p>\n\n\n\n<p><\/p>\n\n<div class=\"twitter-share\"><a href=\"https:\/\/twitter.com\/intent\/tweet?via=i_parcours\" class=\"twitter-share-button\" data-size=\"large\">Tweet<\/a><\/div>\n","protected":false},"excerpt":{"rendered":"<p>Adapt\u00e9e aux nouveaux programmes, la collection iParcours Maths en 6e se d\u00e9cline en 3 ouvrages distincts : un manuel, un cahier-manuel et un cahier d&rsquo;exercices. M\u00eame si ces 3 ouvrages peuvent \u00eatre utilis\u00e9s ind\u00e9pendamment les uns des autres (et m\u00eame coupl\u00e9s avec d&rsquo;autres ressources), ils suivent une ligne \u00e9ditoriale commune et sont pens\u00e9s dans la &hellip; <a href=\"https:\/\/www.iparcours.fr\/news\/coherence-3-ouvrages-iparcours-6e\/\" class=\"more-link\">Continuer la lecture<span class=\"screen-reader-text\"> de &laquo;&nbsp;Les 3 ouvrages iParcours 6e : ligne \u00e9ditoriale et coh\u00e9rence d&rsquo;ensemble&nbsp;&raquo;<\/span><\/a><\/p>\n","protected":false},"author":3,"featured_media":0,"comment_status":"closed","ping_status":"closed","sticky":false,"template":"","format":"standard","meta":{"footnotes":""},"categories":[4],"tags":[],"class_list":["post-836","post","type-post","status-publish","format-standard","hentry","category-college"],"yoast_head":"<!-- This site is optimized with the Yoast SEO plugin v26.9 - https:\/\/yoast.com\/product\/yoast-seo-wordpress\/ -->\n<title>Coh\u00e9rence des 3 ouvrages iParcours Maths 6e - Programmes 2025<\/title>\n<meta name=\"description\" content=\"Nous vous pr\u00e9sentons la coh\u00e9rence et la ligne \u00e9ditoriale des 3 ouvrages iParcours Maths 6e, conformes aux programmes 2025.\" \/>\n<meta name=\"robots\" content=\"index, follow, max-snippet:-1, max-image-preview:large, max-video-preview:-1\" \/>\n<link rel=\"canonical\" href=\"https:\/\/www.iparcours.fr\/news\/coherence-3-ouvrages-iparcours-6e\/\" \/>\n<meta property=\"og:locale\" content=\"fr_FR\" \/>\n<meta property=\"og:type\" content=\"article\" \/>\n<meta property=\"og:title\" content=\"Coh\u00e9rence des 3 ouvrages iParcours Maths 6e - Programmes 2025\" \/>\n<meta property=\"og:description\" content=\"Nous vous pr\u00e9sentons la coh\u00e9rence et la ligne \u00e9ditoriale des 3 ouvrages iParcours Maths 6e, conformes aux programmes 2025.\" \/>\n<meta property=\"og:url\" content=\"https:\/\/www.iparcours.fr\/news\/coherence-3-ouvrages-iparcours-6e\/\" \/>\n<meta property=\"og:site_name\" content=\"iParcours Maths\" \/>\n<meta property=\"article:published_time\" content=\"2025-05-20T13:10:13+00:00\" \/>\n<meta property=\"article:modified_time\" content=\"2025-05-22T07:24:38+00:00\" \/>\n<meta property=\"og:image\" content=\"https:\/\/www.iparcours.fr\/news\/wp-content\/uploads\/2025\/05\/visuel-actualites-generation5-avril25.jpg\" \/>\n\t<meta property=\"og:image:width\" content=\"1300\" \/>\n\t<meta property=\"og:image:height\" content=\"1290\" \/>\n\t<meta property=\"og:image:type\" content=\"image\/jpeg\" \/>\n<meta name=\"author\" content=\"S\u00e9bastien Hache\" \/>\n<meta name=\"twitter:card\" content=\"summary_large_image\" \/>\n<meta name=\"twitter:label1\" content=\"\u00c9crit par\" \/>\n\t<meta name=\"twitter:data1\" content=\"S\u00e9bastien Hache\" \/>\n\t<meta name=\"twitter:label2\" content=\"Dur\u00e9e de lecture estim\u00e9e\" \/>\n\t<meta name=\"twitter:data2\" content=\"5 minutes\" \/>\n<script type=\"application\/ld+json\" class=\"yoast-schema-graph\">{\"@context\":\"https:\/\/schema.org\",\"@graph\":[{\"@type\":\"Article\",\"@id\":\"https:\/\/www.iparcours.fr\/news\/coherence-3-ouvrages-iparcours-6e\/#article\",\"isPartOf\":{\"@id\":\"https:\/\/www.iparcours.fr\/news\/coherence-3-ouvrages-iparcours-6e\/\"},\"author\":{\"name\":\"S\u00e9bastien Hache\",\"@id\":\"https:\/\/www.iparcours.fr\/news\/#\/schema\/person\/5e3f1d66e7ef543cf4f590349a429a20\"},\"headline\":\"Les 3 ouvrages iParcours 6e : ligne \u00e9ditoriale et coh\u00e9rence d&rsquo;ensemble\",\"datePublished\":\"2025-05-20T13:10:13+00:00\",\"dateModified\":\"2025-05-22T07:24:38+00:00\",\"mainEntityOfPage\":{\"@id\":\"https:\/\/www.iparcours.fr\/news\/coherence-3-ouvrages-iparcours-6e\/\"},\"wordCount\":726,\"publisher\":{\"@id\":\"https:\/\/www.iparcours.fr\/news\/#organization\"},\"image\":{\"@id\":\"https:\/\/www.iparcours.fr\/news\/coherence-3-ouvrages-iparcours-6e\/#primaryimage\"},\"thumbnailUrl\":\"https:\/\/www.iparcours.fr\/news\/wp-content\/uploads\/2025\/05\/visuel-actualites-generation5-avril25-1024x1016.jpg\",\"articleSection\":[\"Coll\u00e8ge\"],\"inLanguage\":\"fr-FR\"},{\"@type\":\"WebPage\",\"@id\":\"https:\/\/www.iparcours.fr\/news\/coherence-3-ouvrages-iparcours-6e\/\",\"url\":\"https:\/\/www.iparcours.fr\/news\/coherence-3-ouvrages-iparcours-6e\/\",\"name\":\"Coh\u00e9rence des 3 ouvrages iParcours Maths 6e - Programmes 2025\",\"isPartOf\":{\"@id\":\"https:\/\/www.iparcours.fr\/news\/#website\"},\"primaryImageOfPage\":{\"@id\":\"https:\/\/www.iparcours.fr\/news\/coherence-3-ouvrages-iparcours-6e\/#primaryimage\"},\"image\":{\"@id\":\"https:\/\/www.iparcours.fr\/news\/coherence-3-ouvrages-iparcours-6e\/#primaryimage\"},\"thumbnailUrl\":\"https:\/\/www.iparcours.fr\/news\/wp-content\/uploads\/2025\/05\/visuel-actualites-generation5-avril25-1024x1016.jpg\",\"datePublished\":\"2025-05-20T13:10:13+00:00\",\"dateModified\":\"2025-05-22T07:24:38+00:00\",\"description\":\"Nous vous pr\u00e9sentons la coh\u00e9rence et la ligne \u00e9ditoriale des 3 ouvrages iParcours Maths 6e, conformes aux programmes 2025.\",\"breadcrumb\":{\"@id\":\"https:\/\/www.iparcours.fr\/news\/coherence-3-ouvrages-iparcours-6e\/#breadcrumb\"},\"inLanguage\":\"fr-FR\",\"potentialAction\":[{\"@type\":\"ReadAction\",\"target\":[\"https:\/\/www.iparcours.fr\/news\/coherence-3-ouvrages-iparcours-6e\/\"]}]},{\"@type\":\"ImageObject\",\"inLanguage\":\"fr-FR\",\"@id\":\"https:\/\/www.iparcours.fr\/news\/coherence-3-ouvrages-iparcours-6e\/#primaryimage\",\"url\":\"https:\/\/www.iparcours.fr\/news\/wp-content\/uploads\/2025\/05\/visuel-actualites-generation5-avril25.jpg\",\"contentUrl\":\"https:\/\/www.iparcours.fr\/news\/wp-content\/uploads\/2025\/05\/visuel-actualites-generation5-avril25.jpg\",\"width\":1300,\"height\":1290},{\"@type\":\"BreadcrumbList\",\"@id\":\"https:\/\/www.iparcours.fr\/news\/coherence-3-ouvrages-iparcours-6e\/#breadcrumb\",\"itemListElement\":[{\"@type\":\"ListItem\",\"position\":1,\"name\":\"Accueil\",\"item\":\"https:\/\/www.iparcours.fr\/news\/\"},{\"@type\":\"ListItem\",\"position\":2,\"name\":\"Les 3 ouvrages iParcours 6e : ligne \u00e9ditoriale et coh\u00e9rence d&rsquo;ensemble\"}]},{\"@type\":\"WebSite\",\"@id\":\"https:\/\/www.iparcours.fr\/news\/#website\",\"url\":\"https:\/\/www.iparcours.fr\/news\/\",\"name\":\"iParcours Maths\",\"description\":\"Blog d&#039;actualit\u00e9s, Espace d&#039;\u00e9changes iParcours\",\"publisher\":{\"@id\":\"https:\/\/www.iparcours.fr\/news\/#organization\"},\"potentialAction\":[{\"@type\":\"SearchAction\",\"target\":{\"@type\":\"EntryPoint\",\"urlTemplate\":\"https:\/\/www.iparcours.fr\/news\/?s={search_term_string}\"},\"query-input\":{\"@type\":\"PropertyValueSpecification\",\"valueRequired\":true,\"valueName\":\"search_term_string\"}}],\"inLanguage\":\"fr-FR\"},{\"@type\":\"Organization\",\"@id\":\"https:\/\/www.iparcours.fr\/news\/#organization\",\"name\":\"Collection iParcours Maths aux \u00e9ditions G\u00e9n\u00e9ration 5\",\"url\":\"https:\/\/www.iparcours.fr\/news\/\",\"logo\":{\"@type\":\"ImageObject\",\"inLanguage\":\"fr-FR\",\"@id\":\"https:\/\/www.iparcours.fr\/news\/#\/schema\/logo\/image\/\",\"url\":\"https:\/\/www.iparcours.fr\/news\/wp-content\/uploads\/2019\/01\/logo_iParcours.png\",\"contentUrl\":\"https:\/\/www.iparcours.fr\/news\/wp-content\/uploads\/2019\/01\/logo_iParcours.png\",\"width\":500,\"height\":131,\"caption\":\"Collection iParcours Maths aux \u00e9ditions G\u00e9n\u00e9ration 5\"},\"image\":{\"@id\":\"https:\/\/www.iparcours.fr\/news\/#\/schema\/logo\/image\/\"}},{\"@type\":\"Person\",\"@id\":\"https:\/\/www.iparcours.fr\/news\/#\/schema\/person\/5e3f1d66e7ef543cf4f590349a429a20\",\"name\":\"S\u00e9bastien Hache\",\"url\":\"https:\/\/www.iparcours.fr\/news\/author\/sebhiparcours\/\"}]}<\/script>\n<!-- \/ Yoast SEO plugin. -->","yoast_head_json":{"title":"Coh\u00e9rence des 3 ouvrages iParcours Maths 6e - Programmes 2025","description":"Nous vous pr\u00e9sentons la coh\u00e9rence et la ligne \u00e9ditoriale des 3 ouvrages iParcours Maths 6e, conformes aux programmes 2025.","robots":{"index":"index","follow":"follow","max-snippet":"max-snippet:-1","max-image-preview":"max-image-preview:large","max-video-preview":"max-video-preview:-1"},"canonical":"https:\/\/www.iparcours.fr\/news\/coherence-3-ouvrages-iparcours-6e\/","og_locale":"fr_FR","og_type":"article","og_title":"Coh\u00e9rence des 3 ouvrages iParcours Maths 6e - Programmes 2025","og_description":"Nous vous pr\u00e9sentons la coh\u00e9rence et la ligne \u00e9ditoriale des 3 ouvrages iParcours Maths 6e, conformes aux programmes 2025.","og_url":"https:\/\/www.iparcours.fr\/news\/coherence-3-ouvrages-iparcours-6e\/","og_site_name":"iParcours Maths","article_published_time":"2025-05-20T13:10:13+00:00","article_modified_time":"2025-05-22T07:24:38+00:00","og_image":[{"width":1300,"height":1290,"url":"https:\/\/www.iparcours.fr\/news\/wp-content\/uploads\/2025\/05\/visuel-actualites-generation5-avril25.jpg","type":"image\/jpeg"}],"author":"S\u00e9bastien Hache","twitter_card":"summary_large_image","twitter_misc":{"\u00c9crit par":"S\u00e9bastien Hache","Dur\u00e9e de lecture estim\u00e9e":"5 minutes"},"schema":{"@context":"https:\/\/schema.org","@graph":[{"@type":"Article","@id":"https:\/\/www.iparcours.fr\/news\/coherence-3-ouvrages-iparcours-6e\/#article","isPartOf":{"@id":"https:\/\/www.iparcours.fr\/news\/coherence-3-ouvrages-iparcours-6e\/"},"author":{"name":"S\u00e9bastien Hache","@id":"https:\/\/www.iparcours.fr\/news\/#\/schema\/person\/5e3f1d66e7ef543cf4f590349a429a20"},"headline":"Les 3 ouvrages iParcours 6e : ligne \u00e9ditoriale et coh\u00e9rence d&rsquo;ensemble","datePublished":"2025-05-20T13:10:13+00:00","dateModified":"2025-05-22T07:24:38+00:00","mainEntityOfPage":{"@id":"https:\/\/www.iparcours.fr\/news\/coherence-3-ouvrages-iparcours-6e\/"},"wordCount":726,"publisher":{"@id":"https:\/\/www.iparcours.fr\/news\/#organization"},"image":{"@id":"https:\/\/www.iparcours.fr\/news\/coherence-3-ouvrages-iparcours-6e\/#primaryimage"},"thumbnailUrl":"https:\/\/www.iparcours.fr\/news\/wp-content\/uploads\/2025\/05\/visuel-actualites-generation5-avril25-1024x1016.jpg","articleSection":["Coll\u00e8ge"],"inLanguage":"fr-FR"},{"@type":"WebPage","@id":"https:\/\/www.iparcours.fr\/news\/coherence-3-ouvrages-iparcours-6e\/","url":"https:\/\/www.iparcours.fr\/news\/coherence-3-ouvrages-iparcours-6e\/","name":"Coh\u00e9rence des 3 ouvrages iParcours Maths 6e - Programmes 2025","isPartOf":{"@id":"https:\/\/www.iparcours.fr\/news\/#website"},"primaryImageOfPage":{"@id":"https:\/\/www.iparcours.fr\/news\/coherence-3-ouvrages-iparcours-6e\/#primaryimage"},"image":{"@id":"https:\/\/www.iparcours.fr\/news\/coherence-3-ouvrages-iparcours-6e\/#primaryimage"},"thumbnailUrl":"https:\/\/www.iparcours.fr\/news\/wp-content\/uploads\/2025\/05\/visuel-actualites-generation5-avril25-1024x1016.jpg","datePublished":"2025-05-20T13:10:13+00:00","dateModified":"2025-05-22T07:24:38+00:00","description":"Nous vous pr\u00e9sentons la coh\u00e9rence et la ligne \u00e9ditoriale des 3 ouvrages iParcours Maths 6e, conformes aux programmes 2025.","breadcrumb":{"@id":"https:\/\/www.iparcours.fr\/news\/coherence-3-ouvrages-iparcours-6e\/#breadcrumb"},"inLanguage":"fr-FR","potentialAction":[{"@type":"ReadAction","target":["https:\/\/www.iparcours.fr\/news\/coherence-3-ouvrages-iparcours-6e\/"]}]},{"@type":"ImageObject","inLanguage":"fr-FR","@id":"https:\/\/www.iparcours.fr\/news\/coherence-3-ouvrages-iparcours-6e\/#primaryimage","url":"https:\/\/www.iparcours.fr\/news\/wp-content\/uploads\/2025\/05\/visuel-actualites-generation5-avril25.jpg","contentUrl":"https:\/\/www.iparcours.fr\/news\/wp-content\/uploads\/2025\/05\/visuel-actualites-generation5-avril25.jpg","width":1300,"height":1290},{"@type":"BreadcrumbList","@id":"https:\/\/www.iparcours.fr\/news\/coherence-3-ouvrages-iparcours-6e\/#breadcrumb","itemListElement":[{"@type":"ListItem","position":1,"name":"Accueil","item":"https:\/\/www.iparcours.fr\/news\/"},{"@type":"ListItem","position":2,"name":"Les 3 ouvrages iParcours 6e : ligne \u00e9ditoriale et coh\u00e9rence d&rsquo;ensemble"}]},{"@type":"WebSite","@id":"https:\/\/www.iparcours.fr\/news\/#website","url":"https:\/\/www.iparcours.fr\/news\/","name":"iParcours Maths","description":"Blog d&#039;actualit\u00e9s, Espace d&#039;\u00e9changes iParcours","publisher":{"@id":"https:\/\/www.iparcours.fr\/news\/#organization"},"potentialAction":[{"@type":"SearchAction","target":{"@type":"EntryPoint","urlTemplate":"https:\/\/www.iparcours.fr\/news\/?s={search_term_string}"},"query-input":{"@type":"PropertyValueSpecification","valueRequired":true,"valueName":"search_term_string"}}],"inLanguage":"fr-FR"},{"@type":"Organization","@id":"https:\/\/www.iparcours.fr\/news\/#organization","name":"Collection iParcours Maths aux \u00e9ditions G\u00e9n\u00e9ration 5","url":"https:\/\/www.iparcours.fr\/news\/","logo":{"@type":"ImageObject","inLanguage":"fr-FR","@id":"https:\/\/www.iparcours.fr\/news\/#\/schema\/logo\/image\/","url":"https:\/\/www.iparcours.fr\/news\/wp-content\/uploads\/2019\/01\/logo_iParcours.png","contentUrl":"https:\/\/www.iparcours.fr\/news\/wp-content\/uploads\/2019\/01\/logo_iParcours.png","width":500,"height":131,"caption":"Collection iParcours Maths aux \u00e9ditions G\u00e9n\u00e9ration 5"},"image":{"@id":"https:\/\/www.iparcours.fr\/news\/#\/schema\/logo\/image\/"}},{"@type":"Person","@id":"https:\/\/www.iparcours.fr\/news\/#\/schema\/person\/5e3f1d66e7ef543cf4f590349a429a20","name":"S\u00e9bastien Hache","url":"https:\/\/www.iparcours.fr\/news\/author\/sebhiparcours\/"}]}},"_links":{"self":[{"href":"https:\/\/www.iparcours.fr\/news\/wp-json\/wp\/v2\/posts\/836","targetHints":{"allow":["GET"]}}],"collection":[{"href":"https:\/\/www.iparcours.fr\/news\/wp-json\/wp\/v2\/posts"}],"about":[{"href":"https:\/\/www.iparcours.fr\/news\/wp-json\/wp\/v2\/types\/post"}],"author":[{"embeddable":true,"href":"https:\/\/www.iparcours.fr\/news\/wp-json\/wp\/v2\/users\/3"}],"replies":[{"embeddable":true,"href":"https:\/\/www.iparcours.fr\/news\/wp-json\/wp\/v2\/comments?post=836"}],"version-history":[{"count":40,"href":"https:\/\/www.iparcours.fr\/news\/wp-json\/wp\/v2\/posts\/836\/revisions"}],"predecessor-version":[{"id":895,"href":"https:\/\/www.iparcours.fr\/news\/wp-json\/wp\/v2\/posts\/836\/revisions\/895"}],"wp:attachment":[{"href":"https:\/\/www.iparcours.fr\/news\/wp-json\/wp\/v2\/media?parent=836"}],"wp:term":[{"taxonomy":"category","embeddable":true,"href":"https:\/\/www.iparcours.fr\/news\/wp-json\/wp\/v2\/categories?post=836"},{"taxonomy":"post_tag","embeddable":true,"href":"https:\/\/www.iparcours.fr\/news\/wp-json\/wp\/v2\/tags?post=836"}],"curies":[{"name":"wp","href":"https:\/\/api.w.org\/{rel}","templated":true}]}}