{"id":763,"date":"2025-02-26T13:13:00","date_gmt":"2025-02-26T13:13:00","guid":{"rendered":"https:\/\/www.iparcours.fr\/news\/?p=763"},"modified":"2025-04-22T09:35:21","modified_gmt":"2025-04-22T09:35:21","slug":"nouveaux-programmes-maths-2025","status":"publish","type":"post","link":"https:\/\/www.iparcours.fr\/news\/nouveaux-programmes-maths-2025\/","title":{"rendered":"Nouveaux programmes 2025 : nouvelle collection iParcours Maths 6e !"},"content":{"rendered":"\n<p>Un <strong><a href=\"file:\/\/\/C:\/Users\/aurore.GEN5\/Downloads\/csp---projets-de-programme-de-math-matiques-du-cycle-3---d-cembre-2024-199172-1.pdf\" target=\"_blank\" rel=\"noreferrer noopener\">nouveau programme de Math\u00e9matiques<\/a> <\/strong>entre en vigueur \u00e0 la rentr\u00e9e de Septembre 2025, pour <strong>la 6e <\/strong>et plus g\u00e9n\u00e9ralement pour le <strong>cycle 3<\/strong> (CM1 et 6e).<br>De nouveaux programmes pour le CM2 et le cycle 4 sont annonc\u00e9s pour la rentr\u00e9e 2026.<\/p>\n\n\n\n<p>\u00c9videmment, toute la collection iParcours Maths sera <strong>conforme \u00e0 ces nouveaux programmes <\/strong>et sera disponible pour la rentr\u00e9e 2025. Les ouvrages papier seront toujours <strong>compl\u00e9t\u00e9s par leur version num\u00e9rique<\/strong> <strong>gratuite<\/strong> et de tr\u00e8s nombreux <strong>compl\u00e9ments interactifs<\/strong>, <a href=\"https:\/\/www.iparcours.fr\/\">en ligne sur iParcours<\/a>.<\/p>\n\n\n\n<p>Voici les ouvrages iParcours Maths 6e (\u00e9d. 2025) \u00e0 para\u00eetre :<\/p>\n\n\n\n<ul class=\"wp-block-list\">\n<li>un <strong>manuel complet<\/strong> de 176 pages ;<\/li>\n\n\n\n<li>un <strong>cahier d&rsquo;exercices<\/strong> (sans cours) de 128 pages ;<\/li>\n\n\n\n<li>un<strong> cahier-manuel<\/strong> (comprenant le cours) de 160 pages.<\/li>\n<\/ul>\n\n\n\n<figure class=\"wp-block-image size-full is-resized\"><img loading=\"lazy\" decoding=\"async\" width=\"351\" height=\"503\" src=\"https:\/\/www.iparcours.fr\/news\/wp-content\/uploads\/2025\/02\/Capture-decran-2025-02-26-142315.png\" alt=\"Couverture du nouveau Manuel iParcours Maths 6e (\u00e9d. 2025)\" class=\"wp-image-767\" style=\"aspect-ratio:0.6978131212723658;width:256px;height:auto\" title=\"Manuel iParcours Maths 6e (\u00e9d. 2025)\" srcset=\"https:\/\/www.iparcours.fr\/news\/wp-content\/uploads\/2025\/02\/Capture-decran-2025-02-26-142315.png 351w, https:\/\/www.iparcours.fr\/news\/wp-content\/uploads\/2025\/02\/Capture-decran-2025-02-26-142315-209x300.png 209w\" sizes=\"auto, (max-width: 351px) 85vw, 351px\" \/><\/figure>\n\n\n\n<p><\/p>\n\n\n\n<p>Nous pr\u00e9senterons plus pr\u00e9cis\u00e9ment ces 3 ouvrages dans des articles \u00e0 venir. <\/p>\n\n\n\n<p>Ce changement de programmes a permis de <strong>renforcer tout le travail men\u00e9 depuis maintenant 10 ans <\/strong>sur la collection iParcours.<\/p>\n\n\n\n<p>Dans cet article, nous mettrons plus particuli\u00e8rement l&rsquo;accent sur 2 points saillants de la collection : la <strong>coh\u00e9rence sur tout le cycle 3<\/strong> d&rsquo;une part et l&rsquo;<strong>hybridation papier\/num\u00e9rique<\/strong> d&rsquo;autre part.<\/p>\n\n\n\n<h2 class=\"wp-block-heading\">Nouveaux programmes 2025 du cycle 3<\/h2>\n\n\n\n<p>Les <strong><a href=\"file:\/\/\/C:\/Users\/aurore.GEN5\/Downloads\/csp---projets-de-programme-de-math-matiques-du-cycle-3---d-cembre-2024-199172-1.pdf\" target=\"_blank\" rel=\"noreferrer noopener\">nouveaux programmes 2025 de math\u00e9matiques de CM1 et 6e<\/a><\/strong> entreront simultan\u00e9ment en vigueur en <strong>Septembre 2025<\/strong>, de m\u00eame que les <a href=\"https:\/\/www.education.gouv.fr\/sites\/default\/files\/ensel135_annexe4.pdf\" target=\"_blank\" rel=\"noreferrer noopener\">programmes de <strong>CE1 et CE2<\/strong><\/a>.<\/p>\n\n\n\n<p>Ces <strong>programmes sont beaucoup plus pr\u00e9cis<\/strong> que les pr\u00e9c\u00e9dents et pr\u00e9cisent en particulier beaucoup plus ce qui rel\u00e8ve de chaque niveau dans un cycle. <br>Comme la collection iParcours Maths Primaire s&rsquo;\u00e9tend <strong>du CE2 \u00e0 la 6e<\/strong>, ce sont donc autant d&rsquo;ouvrages qui ont \u00e9t\u00e9 <strong>travaill\u00e9s et \u00e9crits en coh\u00e9rence<\/strong>, par del\u00e0 m\u00eame l&rsquo;habituelle cloison entre l&rsquo;\u00e9cole et le coll\u00e8ge. <\/p>\n\n\n\n<p>Illustrons ce propos \u00e0 l&rsquo;aide des <strong>chapitres sur les op\u00e9rations sur les fractions<\/strong> qui apportent de <strong>grosses modifications<\/strong> par rapport aux programmes actuels. <\/p>\n\n\n\n<p>Ainsi, avec les nouveaux programmes 2025, la <strong>comparaison ou l&rsquo;addition de fractions de d\u00e9nominateurs multiples<\/strong> est abord\u00e9e <strong>d\u00e8s le CE2<\/strong>. D\u00e8s le CM2, cette <strong>comparaison<\/strong> concerne aussi des<strong> fractions de d\u00e9nominateurs non multiples<\/strong>.<\/p>\n\n\n\n<p>La <strong>fa\u00e7on d&rsquo;aborder ces chapitres<\/strong> dans la collection est <strong>graduelle et progressive<\/strong>.<br>Voici <strong>2 extraits qui illustrent cette diff\u00e9rence<\/strong>, entre le CM2 et la 6e.<\/p>\n\n\n\n<figure class=\"wp-block-image size-full is-resized\"><img loading=\"lazy\" decoding=\"async\" width=\"778\" height=\"377\" src=\"https:\/\/www.iparcours.fr\/news\/wp-content\/uploads\/2025\/02\/Capture-decran-2025-02-26-140348.png\" alt=\"Comparaison des fractions dans le cahier iParcours Maths CM2 (\u00e9d. 2025)\" class=\"wp-image-768\" style=\"aspect-ratio:2.0636604774535807;width:591px;height:auto\" title=\"Comparaison des fractions dans le cahier iParcours Maths CM2 (\u00e9d. 2025)\" srcset=\"https:\/\/www.iparcours.fr\/news\/wp-content\/uploads\/2025\/02\/Capture-decran-2025-02-26-140348.png 778w, https:\/\/www.iparcours.fr\/news\/wp-content\/uploads\/2025\/02\/Capture-decran-2025-02-26-140348-300x145.png 300w, https:\/\/www.iparcours.fr\/news\/wp-content\/uploads\/2025\/02\/Capture-decran-2025-02-26-140348-768x372.png 768w\" sizes=\"auto, (max-width: 709px) 85vw, (max-width: 909px) 67vw, (max-width: 984px) 61vw, (max-width: 1362px) 45vw, 600px\" \/><figcaption class=\"wp-element-caption\">Comparaison de fractions dans le cahier iParcours Maths<strong> CM2<\/strong> (\u00e9d. 2025)<\/figcaption><\/figure>\n\n\n\n<p><\/p>\n\n\n\n<figure class=\"wp-block-image size-full is-resized\"><img loading=\"lazy\" decoding=\"async\" width=\"863\" height=\"514\" src=\"https:\/\/www.iparcours.fr\/news\/wp-content\/uploads\/2025\/02\/Capture-decran-2025-02-26-140530.png\" alt=\"Comparaison des fractions dans le cahier iParcours Maths 6e (\u00e9d. 2025)\" class=\"wp-image-769\" style=\"aspect-ratio:1.678988326848249;width:612px;height:auto\" title=\"Comparaison des fractions dans le cahier iParcours Maths 6e (\u00e9d. 2025)\" srcset=\"https:\/\/www.iparcours.fr\/news\/wp-content\/uploads\/2025\/02\/Capture-decran-2025-02-26-140530.png 863w, https:\/\/www.iparcours.fr\/news\/wp-content\/uploads\/2025\/02\/Capture-decran-2025-02-26-140530-300x179.png 300w, https:\/\/www.iparcours.fr\/news\/wp-content\/uploads\/2025\/02\/Capture-decran-2025-02-26-140530-768x457.png 768w\" sizes=\"auto, (max-width: 709px) 85vw, (max-width: 909px) 67vw, (max-width: 1362px) 62vw, 840px\" \/><figcaption class=\"wp-element-caption\">Comparaison de fractions dans le cahier iParcours Maths <strong>6e<\/strong> (\u00e9d. 2025)<\/figcaption><\/figure>\n\n\n\n<p><\/p>\n\n\n\n<p>Dans les cahiers num\u00e9riques, il sera possible de <strong>passer, en 1 clic, du chapitre de 6e \u00e0 celui de CM2<\/strong> (et aussi celui de CM1). Toutes ces approches diff\u00e9rentes permettent \u00e0 l&rsquo;enseignant de <strong>diff\u00e9rencier les approches<\/strong> au plus pr\u00e8s des \u00e9l\u00e8ves.<\/p>\n\n\n\n<h2 class=\"wp-block-heading\">Ressources hybrides : papier \/ num\u00e9riques<\/h2>\n\n\n\n<p>Nous reviendrons en d\u00e9tails sur les <a href=\"https:\/\/www.iparcours.fr\/views\/cahiers-num-college-maths.php\" target=\"_blank\" rel=\"noreferrer noopener\">cahiers et manuels num\u00e9riques iParcours Maths 6e (\u00e9d. 2025)<\/a>, notamment sur les <strong>corrig\u00e9s accessibles aux enseignants<\/strong> et les <strong>activit\u00e9s de d\u00e9couverte<\/strong>.<\/p>\n\n\n\n<p>Les nouveaut\u00e9s des<strong> programmes de math\u00e9matiques 2025<\/strong> s&rsquo;accompagnent aussi d&rsquo;une r\u00e9flexion sur l&rsquo;<strong>utilisation d&rsquo;outils num\u00e9riques<\/strong>.<br>La <a href=\"https:\/\/www.iparcours.fr\/\" target=\"_blank\" rel=\"noreferrer noopener\">collection iParcours <\/a>en propose d\u00e9j\u00e0 un certain nombre, destin\u00e9 presque essentiellement \u00e0 une <strong>utilisation en vid\u00e9oprojection en classe<\/strong>.<\/p>\n\n\n\n<p>Par exemple, concernant les <strong>chapitres sur l&rsquo;espace<\/strong> en cycle 3, l&rsquo;<strong>approche des nouveaux programmes 2025 <\/strong>est tr\u00e8s <strong>diff\u00e9rente des pr\u00e9c\u00e9dents<\/strong>.<\/p>\n\n\n<div class=\"wp-block-image\">\n<figure class=\"aligncenter size-full is-resized\"><img loading=\"lazy\" decoding=\"async\" width=\"884\" height=\"787\" src=\"https:\/\/www.iparcours.fr\/news\/wp-content\/uploads\/2025\/02\/Capture-decran-2025-02-26-140800.png\" alt=\"Extrait du programme 2025 de math\u00e9matiques en 6e : chapitre &quot;Espace&quot;\" class=\"wp-image-772\" style=\"aspect-ratio:1.1232528589580686;width:554px;height:auto\" title=\"Extrait du programme 2025 de math\u00e9matiques en 6e : chapitre &quot;Espace&quot;\" srcset=\"https:\/\/www.iparcours.fr\/news\/wp-content\/uploads\/2025\/02\/Capture-decran-2025-02-26-140800.png 884w, https:\/\/www.iparcours.fr\/news\/wp-content\/uploads\/2025\/02\/Capture-decran-2025-02-26-140800-300x267.png 300w, https:\/\/www.iparcours.fr\/news\/wp-content\/uploads\/2025\/02\/Capture-decran-2025-02-26-140800-768x684.png 768w\" sizes=\"auto, (max-width: 709px) 85vw, (max-width: 909px) 67vw, (max-width: 1362px) 62vw, 840px\" \/><figcaption class=\"wp-element-caption\">Programme 2025 de Math\u00e9matiques de 6e<\/figcaption><\/figure>\n<\/div>\n\n\n<p>Pour aider \u00e0 <strong>atteindre ces nouveaux objectifs<\/strong>, plusieurs <strong>nouveaux outils num\u00e9riques<\/strong> viendront \u00e9toffer les <strong><a href=\"https:\/\/www.iparcours.fr\/views\/cahiers-num-college-maths.php\" target=\"_blank\" rel=\"noreferrer noopener\">cahiers et manuels num\u00e9riques<\/a><\/strong> de 6e. <br>Voici 2 exemples :<\/p>\n\n\n\n<figure class=\"wp-block-image size-full is-resized\"><img loading=\"lazy\" decoding=\"async\" width=\"788\" height=\"584\" src=\"https:\/\/www.iparcours.fr\/news\/wp-content\/uploads\/2025\/02\/Capture-decran-2025-02-26-140854.png\" alt=\"Outil num\u00e9rique iParcours Maths : g\u00e9n\u00e9rateur de vues d'un solide\" class=\"wp-image-773\" style=\"aspect-ratio:1.3493150684931507;width:604px;height:auto\" title=\"Outil num\u00e9rique iParcours Maths : g\u00e9n\u00e9rateur de vues d'un solide\" srcset=\"https:\/\/www.iparcours.fr\/news\/wp-content\/uploads\/2025\/02\/Capture-decran-2025-02-26-140854.png 788w, https:\/\/www.iparcours.fr\/news\/wp-content\/uploads\/2025\/02\/Capture-decran-2025-02-26-140854-300x222.png 300w, https:\/\/www.iparcours.fr\/news\/wp-content\/uploads\/2025\/02\/Capture-decran-2025-02-26-140854-768x569.png 768w\" sizes=\"auto, (max-width: 709px) 85vw, (max-width: 909px) 67vw, (max-width: 984px) 61vw, (max-width: 1362px) 45vw, 600px\" \/><figcaption class=\"wp-element-caption\">Outil num\u00e9rique : g\u00e9n\u00e9rateur de vues d&rsquo;un solide<\/figcaption><\/figure>\n\n\n\n<p><\/p>\n\n\n\n<p>Ce <strong>g\u00e9n\u00e9rateur de vues <\/strong>permet de faire \u00e9voluer dynamiquement les <strong>diff\u00e9rentes vues d&rsquo;une solide<\/strong> (on peut masquer certaines de ces vues ou masquer l&rsquo;assemblage). <\/p>\n\n\n\n<p>Un autre <strong>outil num\u00e9rique<\/strong> permet de <strong>construire les vues<\/strong> \u00e0 partir d&rsquo;un assemblage donn\u00e9 :<\/p>\n\n\n<div class=\"wp-block-image\">\n<figure class=\"aligncenter size-full is-resized\"><img loading=\"lazy\" decoding=\"async\" width=\"796\" height=\"595\" src=\"https:\/\/www.iparcours.fr\/news\/wp-content\/uploads\/2025\/02\/Capture-decran-2025-02-26-140953.png\" alt=\"Outil num\u00e9rique iParcours Maths 6e : d\u00e9nombrer des cubes par tranche\" class=\"wp-image-774\" style=\"aspect-ratio:1.33781512605042;width:622px;height:auto\" title=\"Outil num\u00e9rique iParcours Maths 6e : d\u00e9nombrer des cubes par tranche\" srcset=\"https:\/\/www.iparcours.fr\/news\/wp-content\/uploads\/2025\/02\/Capture-decran-2025-02-26-140953.png 796w, https:\/\/www.iparcours.fr\/news\/wp-content\/uploads\/2025\/02\/Capture-decran-2025-02-26-140953-300x224.png 300w, https:\/\/www.iparcours.fr\/news\/wp-content\/uploads\/2025\/02\/Capture-decran-2025-02-26-140953-768x574.png 768w\" sizes=\"auto, (max-width: 709px) 85vw, (max-width: 909px) 67vw, (max-width: 984px) 61vw, (max-width: 1362px) 45vw, 600px\" \/><figcaption class=\"wp-element-caption\">Outil num\u00e9rique pour d\u00e9nombrer des cubes par tranche<\/figcaption><\/figure>\n<\/div>\n\n\n<p>Ce deuxi\u00e8me outil num\u00e9rique permet d&rsquo;<strong>enlever des \u00ab\u00a0tranches de cubes\u00a0\u00bb<\/strong> afin d&rsquo;<strong>affiner les strat\u00e9gies de d\u00e9nombremen<\/strong>t (et amener \u00e0 la notion de volume).<\/p>\n\n\n\n<p>Pour rappel, tous ces <strong>outils interactifs<\/strong> sont <strong>accessibles gratuitement \u00e0 partir des <a href=\"http:\/\/www.iparcours.fr\" target=\"_blank\" rel=\"noreferrer noopener\">ouvrages num\u00e9riques iParcours<\/a><\/strong>. Mais ils sont \u00e9galement au service des ouvrages papiers !<br>En effet, tous les assemblages de cubes pr\u00e9sents dans le cahier ou le manuel 6e sont <strong>r\u00e9pertori\u00e9s dans l&rsquo;outil<\/strong>, ce qui permet donc de <strong>visualiser plus facilement<\/strong> les priorit\u00e9s de ces assemblages.<\/p>\n\n\n\n<p>Le <strong>nouveau programme 2025 de math\u00e9matiques de 6e<\/strong> rec\u00e8le d&rsquo;<strong>autres nouveaut\u00e9s<\/strong> (Alg\u00e8bre, somme des angles d&rsquo;un triangle, initiation \u00e0 la pense informatique&#8230;) dont nous parlerons dans d&rsquo;autres articles \u00e0 venir, toujours \u00e0 partir d&rsquo;<strong>exemples concrets <\/strong>et de <strong>ressources utilisables en classe<\/strong>.<\/p>\n\n<div class=\"twitter-share\"><a href=\"https:\/\/twitter.com\/intent\/tweet?via=i_parcours\" class=\"twitter-share-button\" data-size=\"large\">Tweet<\/a><\/div>\n","protected":false},"excerpt":{"rendered":"<p>Un nouveau programme de Math\u00e9matiques entre en vigueur \u00e0 la rentr\u00e9e de Septembre 2025, pour la 6e et plus g\u00e9n\u00e9ralement pour le cycle 3 (CM1 et 6e).De nouveaux programmes pour le CM2 et le cycle 4 sont annonc\u00e9s pour la rentr\u00e9e 2026. \u00c9videmment, toute la collection iParcours Maths sera conforme \u00e0 ces nouveaux programmes et &hellip; <a href=\"https:\/\/www.iparcours.fr\/news\/nouveaux-programmes-maths-2025\/\" class=\"more-link\">Continuer la lecture<span class=\"screen-reader-text\"> de &laquo;&nbsp;Nouveaux programmes 2025 : nouvelle collection iParcours Maths 6e !&nbsp;&raquo;<\/span><\/a><\/p>\n","protected":false},"author":3,"featured_media":0,"comment_status":"closed","ping_status":"closed","sticky":false,"template":"","format":"standard","meta":{"footnotes":""},"categories":[4],"tags":[],"class_list":["post-763","post","type-post","status-publish","format-standard","hentry","category-college"],"yoast_head":"<!-- This site is optimized with the Yoast SEO plugin v26.9 - https:\/\/yoast.com\/product\/yoast-seo-wordpress\/ -->\n<title>Nouveaux programmes de Maths 2025 - Collection iParcours<\/title>\n<meta name=\"description\" content=\"La collection des ouvrages papier\/num\u00e9riques iParcours Maths s&#039;adapte aux nouveaux programmes 2025 de CM1 et 6e pour la rentr\u00e9e !\" \/>\n<meta name=\"robots\" content=\"index, follow, max-snippet:-1, max-image-preview:large, max-video-preview:-1\" \/>\n<link rel=\"canonical\" href=\"https:\/\/www.iparcours.fr\/news\/nouveaux-programmes-maths-2025\/\" \/>\n<meta property=\"og:locale\" content=\"fr_FR\" \/>\n<meta property=\"og:type\" content=\"article\" \/>\n<meta property=\"og:title\" content=\"Nouveaux programmes de Maths 2025 - Collection iParcours\" \/>\n<meta property=\"og:description\" content=\"La collection des ouvrages papier\/num\u00e9riques iParcours Maths s&#039;adapte aux nouveaux programmes 2025 de CM1 et 6e pour la rentr\u00e9e !\" \/>\n<meta property=\"og:url\" content=\"https:\/\/www.iparcours.fr\/news\/nouveaux-programmes-maths-2025\/\" \/>\n<meta property=\"og:site_name\" content=\"iParcours Maths\" \/>\n<meta property=\"article:published_time\" content=\"2025-02-26T13:13:00+00:00\" \/>\n<meta property=\"article:modified_time\" content=\"2025-04-22T09:35:21+00:00\" \/>\n<meta property=\"og:image\" content=\"https:\/\/www.iparcours.fr\/news\/wp-content\/uploads\/2025\/02\/Capture-decran-2025-02-26-140953.png\" \/>\n\t<meta property=\"og:image:width\" content=\"796\" \/>\n\t<meta property=\"og:image:height\" content=\"595\" \/>\n\t<meta property=\"og:image:type\" content=\"image\/png\" \/>\n<meta name=\"author\" content=\"S\u00e9bastien Hache\" \/>\n<meta name=\"twitter:card\" content=\"summary_large_image\" \/>\n<meta name=\"twitter:label1\" content=\"\u00c9crit par\" \/>\n\t<meta name=\"twitter:data1\" content=\"S\u00e9bastien Hache\" \/>\n\t<meta name=\"twitter:label2\" content=\"Dur\u00e9e de lecture estim\u00e9e\" \/>\n\t<meta name=\"twitter:data2\" content=\"5 minutes\" \/>\n<script type=\"application\/ld+json\" class=\"yoast-schema-graph\">{\"@context\":\"https:\/\/schema.org\",\"@graph\":[{\"@type\":\"Article\",\"@id\":\"https:\/\/www.iparcours.fr\/news\/nouveaux-programmes-maths-2025\/#article\",\"isPartOf\":{\"@id\":\"https:\/\/www.iparcours.fr\/news\/nouveaux-programmes-maths-2025\/\"},\"author\":{\"name\":\"S\u00e9bastien Hache\",\"@id\":\"https:\/\/www.iparcours.fr\/news\/#\/schema\/person\/5e3f1d66e7ef543cf4f590349a429a20\"},\"headline\":\"Nouveaux programmes 2025 : nouvelle collection iParcours Maths 6e !\",\"datePublished\":\"2025-02-26T13:13:00+00:00\",\"dateModified\":\"2025-04-22T09:35:21+00:00\",\"mainEntityOfPage\":{\"@id\":\"https:\/\/www.iparcours.fr\/news\/nouveaux-programmes-maths-2025\/\"},\"wordCount\":776,\"publisher\":{\"@id\":\"https:\/\/www.iparcours.fr\/news\/#organization\"},\"image\":{\"@id\":\"https:\/\/www.iparcours.fr\/news\/nouveaux-programmes-maths-2025\/#primaryimage\"},\"thumbnailUrl\":\"https:\/\/www.iparcours.fr\/news\/wp-content\/uploads\/2025\/02\/Capture-decran-2025-02-26-142315.png\",\"articleSection\":[\"Coll\u00e8ge\"],\"inLanguage\":\"fr-FR\"},{\"@type\":\"WebPage\",\"@id\":\"https:\/\/www.iparcours.fr\/news\/nouveaux-programmes-maths-2025\/\",\"url\":\"https:\/\/www.iparcours.fr\/news\/nouveaux-programmes-maths-2025\/\",\"name\":\"Nouveaux programmes de Maths 2025 - Collection iParcours\",\"isPartOf\":{\"@id\":\"https:\/\/www.iparcours.fr\/news\/#website\"},\"primaryImageOfPage\":{\"@id\":\"https:\/\/www.iparcours.fr\/news\/nouveaux-programmes-maths-2025\/#primaryimage\"},\"image\":{\"@id\":\"https:\/\/www.iparcours.fr\/news\/nouveaux-programmes-maths-2025\/#primaryimage\"},\"thumbnailUrl\":\"https:\/\/www.iparcours.fr\/news\/wp-content\/uploads\/2025\/02\/Capture-decran-2025-02-26-142315.png\",\"datePublished\":\"2025-02-26T13:13:00+00:00\",\"dateModified\":\"2025-04-22T09:35:21+00:00\",\"description\":\"La collection des ouvrages papier\/num\u00e9riques iParcours Maths s'adapte aux nouveaux programmes 2025 de CM1 et 6e pour la rentr\u00e9e !\",\"breadcrumb\":{\"@id\":\"https:\/\/www.iparcours.fr\/news\/nouveaux-programmes-maths-2025\/#breadcrumb\"},\"inLanguage\":\"fr-FR\",\"potentialAction\":[{\"@type\":\"ReadAction\",\"target\":[\"https:\/\/www.iparcours.fr\/news\/nouveaux-programmes-maths-2025\/\"]}]},{\"@type\":\"ImageObject\",\"inLanguage\":\"fr-FR\",\"@id\":\"https:\/\/www.iparcours.fr\/news\/nouveaux-programmes-maths-2025\/#primaryimage\",\"url\":\"https:\/\/www.iparcours.fr\/news\/wp-content\/uploads\/2025\/02\/Capture-decran-2025-02-26-142315.png\",\"contentUrl\":\"https:\/\/www.iparcours.fr\/news\/wp-content\/uploads\/2025\/02\/Capture-decran-2025-02-26-142315.png\",\"width\":351,\"height\":503},{\"@type\":\"BreadcrumbList\",\"@id\":\"https:\/\/www.iparcours.fr\/news\/nouveaux-programmes-maths-2025\/#breadcrumb\",\"itemListElement\":[{\"@type\":\"ListItem\",\"position\":1,\"name\":\"Accueil\",\"item\":\"https:\/\/www.iparcours.fr\/news\/\"},{\"@type\":\"ListItem\",\"position\":2,\"name\":\"Nouveaux programmes 2025 : nouvelle collection iParcours Maths 6e !\"}]},{\"@type\":\"WebSite\",\"@id\":\"https:\/\/www.iparcours.fr\/news\/#website\",\"url\":\"https:\/\/www.iparcours.fr\/news\/\",\"name\":\"iParcours Maths\",\"description\":\"Blog d&#039;actualit\u00e9s, Espace d&#039;\u00e9changes iParcours\",\"publisher\":{\"@id\":\"https:\/\/www.iparcours.fr\/news\/#organization\"},\"potentialAction\":[{\"@type\":\"SearchAction\",\"target\":{\"@type\":\"EntryPoint\",\"urlTemplate\":\"https:\/\/www.iparcours.fr\/news\/?s={search_term_string}\"},\"query-input\":{\"@type\":\"PropertyValueSpecification\",\"valueRequired\":true,\"valueName\":\"search_term_string\"}}],\"inLanguage\":\"fr-FR\"},{\"@type\":\"Organization\",\"@id\":\"https:\/\/www.iparcours.fr\/news\/#organization\",\"name\":\"Collection iParcours Maths aux \u00e9ditions G\u00e9n\u00e9ration 5\",\"url\":\"https:\/\/www.iparcours.fr\/news\/\",\"logo\":{\"@type\":\"ImageObject\",\"inLanguage\":\"fr-FR\",\"@id\":\"https:\/\/www.iparcours.fr\/news\/#\/schema\/logo\/image\/\",\"url\":\"https:\/\/www.iparcours.fr\/news\/wp-content\/uploads\/2019\/01\/logo_iParcours.png\",\"contentUrl\":\"https:\/\/www.iparcours.fr\/news\/wp-content\/uploads\/2019\/01\/logo_iParcours.png\",\"width\":500,\"height\":131,\"caption\":\"Collection iParcours Maths aux \u00e9ditions G\u00e9n\u00e9ration 5\"},\"image\":{\"@id\":\"https:\/\/www.iparcours.fr\/news\/#\/schema\/logo\/image\/\"}},{\"@type\":\"Person\",\"@id\":\"https:\/\/www.iparcours.fr\/news\/#\/schema\/person\/5e3f1d66e7ef543cf4f590349a429a20\",\"name\":\"S\u00e9bastien Hache\",\"url\":\"https:\/\/www.iparcours.fr\/news\/author\/sebhiparcours\/\"}]}<\/script>\n<!-- \/ Yoast SEO plugin. -->","yoast_head_json":{"title":"Nouveaux programmes de Maths 2025 - Collection iParcours","description":"La collection des ouvrages papier\/num\u00e9riques iParcours Maths s'adapte aux nouveaux programmes 2025 de CM1 et 6e pour la rentr\u00e9e !","robots":{"index":"index","follow":"follow","max-snippet":"max-snippet:-1","max-image-preview":"max-image-preview:large","max-video-preview":"max-video-preview:-1"},"canonical":"https:\/\/www.iparcours.fr\/news\/nouveaux-programmes-maths-2025\/","og_locale":"fr_FR","og_type":"article","og_title":"Nouveaux programmes de Maths 2025 - Collection iParcours","og_description":"La collection des ouvrages papier\/num\u00e9riques iParcours Maths s'adapte aux nouveaux programmes 2025 de CM1 et 6e pour la rentr\u00e9e !","og_url":"https:\/\/www.iparcours.fr\/news\/nouveaux-programmes-maths-2025\/","og_site_name":"iParcours Maths","article_published_time":"2025-02-26T13:13:00+00:00","article_modified_time":"2025-04-22T09:35:21+00:00","og_image":[{"width":796,"height":595,"url":"https:\/\/www.iparcours.fr\/news\/wp-content\/uploads\/2025\/02\/Capture-decran-2025-02-26-140953.png","type":"image\/png"}],"author":"S\u00e9bastien Hache","twitter_card":"summary_large_image","twitter_misc":{"\u00c9crit par":"S\u00e9bastien Hache","Dur\u00e9e de lecture estim\u00e9e":"5 minutes"},"schema":{"@context":"https:\/\/schema.org","@graph":[{"@type":"Article","@id":"https:\/\/www.iparcours.fr\/news\/nouveaux-programmes-maths-2025\/#article","isPartOf":{"@id":"https:\/\/www.iparcours.fr\/news\/nouveaux-programmes-maths-2025\/"},"author":{"name":"S\u00e9bastien Hache","@id":"https:\/\/www.iparcours.fr\/news\/#\/schema\/person\/5e3f1d66e7ef543cf4f590349a429a20"},"headline":"Nouveaux programmes 2025 : nouvelle collection iParcours Maths 6e !","datePublished":"2025-02-26T13:13:00+00:00","dateModified":"2025-04-22T09:35:21+00:00","mainEntityOfPage":{"@id":"https:\/\/www.iparcours.fr\/news\/nouveaux-programmes-maths-2025\/"},"wordCount":776,"publisher":{"@id":"https:\/\/www.iparcours.fr\/news\/#organization"},"image":{"@id":"https:\/\/www.iparcours.fr\/news\/nouveaux-programmes-maths-2025\/#primaryimage"},"thumbnailUrl":"https:\/\/www.iparcours.fr\/news\/wp-content\/uploads\/2025\/02\/Capture-decran-2025-02-26-142315.png","articleSection":["Coll\u00e8ge"],"inLanguage":"fr-FR"},{"@type":"WebPage","@id":"https:\/\/www.iparcours.fr\/news\/nouveaux-programmes-maths-2025\/","url":"https:\/\/www.iparcours.fr\/news\/nouveaux-programmes-maths-2025\/","name":"Nouveaux programmes de Maths 2025 - Collection iParcours","isPartOf":{"@id":"https:\/\/www.iparcours.fr\/news\/#website"},"primaryImageOfPage":{"@id":"https:\/\/www.iparcours.fr\/news\/nouveaux-programmes-maths-2025\/#primaryimage"},"image":{"@id":"https:\/\/www.iparcours.fr\/news\/nouveaux-programmes-maths-2025\/#primaryimage"},"thumbnailUrl":"https:\/\/www.iparcours.fr\/news\/wp-content\/uploads\/2025\/02\/Capture-decran-2025-02-26-142315.png","datePublished":"2025-02-26T13:13:00+00:00","dateModified":"2025-04-22T09:35:21+00:00","description":"La collection des ouvrages papier\/num\u00e9riques iParcours Maths s'adapte aux nouveaux programmes 2025 de CM1 et 6e pour la rentr\u00e9e !","breadcrumb":{"@id":"https:\/\/www.iparcours.fr\/news\/nouveaux-programmes-maths-2025\/#breadcrumb"},"inLanguage":"fr-FR","potentialAction":[{"@type":"ReadAction","target":["https:\/\/www.iparcours.fr\/news\/nouveaux-programmes-maths-2025\/"]}]},{"@type":"ImageObject","inLanguage":"fr-FR","@id":"https:\/\/www.iparcours.fr\/news\/nouveaux-programmes-maths-2025\/#primaryimage","url":"https:\/\/www.iparcours.fr\/news\/wp-content\/uploads\/2025\/02\/Capture-decran-2025-02-26-142315.png","contentUrl":"https:\/\/www.iparcours.fr\/news\/wp-content\/uploads\/2025\/02\/Capture-decran-2025-02-26-142315.png","width":351,"height":503},{"@type":"BreadcrumbList","@id":"https:\/\/www.iparcours.fr\/news\/nouveaux-programmes-maths-2025\/#breadcrumb","itemListElement":[{"@type":"ListItem","position":1,"name":"Accueil","item":"https:\/\/www.iparcours.fr\/news\/"},{"@type":"ListItem","position":2,"name":"Nouveaux programmes 2025 : nouvelle collection iParcours Maths 6e !"}]},{"@type":"WebSite","@id":"https:\/\/www.iparcours.fr\/news\/#website","url":"https:\/\/www.iparcours.fr\/news\/","name":"iParcours Maths","description":"Blog d&#039;actualit\u00e9s, Espace d&#039;\u00e9changes iParcours","publisher":{"@id":"https:\/\/www.iparcours.fr\/news\/#organization"},"potentialAction":[{"@type":"SearchAction","target":{"@type":"EntryPoint","urlTemplate":"https:\/\/www.iparcours.fr\/news\/?s={search_term_string}"},"query-input":{"@type":"PropertyValueSpecification","valueRequired":true,"valueName":"search_term_string"}}],"inLanguage":"fr-FR"},{"@type":"Organization","@id":"https:\/\/www.iparcours.fr\/news\/#organization","name":"Collection iParcours Maths aux \u00e9ditions G\u00e9n\u00e9ration 5","url":"https:\/\/www.iparcours.fr\/news\/","logo":{"@type":"ImageObject","inLanguage":"fr-FR","@id":"https:\/\/www.iparcours.fr\/news\/#\/schema\/logo\/image\/","url":"https:\/\/www.iparcours.fr\/news\/wp-content\/uploads\/2019\/01\/logo_iParcours.png","contentUrl":"https:\/\/www.iparcours.fr\/news\/wp-content\/uploads\/2019\/01\/logo_iParcours.png","width":500,"height":131,"caption":"Collection iParcours Maths aux \u00e9ditions G\u00e9n\u00e9ration 5"},"image":{"@id":"https:\/\/www.iparcours.fr\/news\/#\/schema\/logo\/image\/"}},{"@type":"Person","@id":"https:\/\/www.iparcours.fr\/news\/#\/schema\/person\/5e3f1d66e7ef543cf4f590349a429a20","name":"S\u00e9bastien Hache","url":"https:\/\/www.iparcours.fr\/news\/author\/sebhiparcours\/"}]}},"_links":{"self":[{"href":"https:\/\/www.iparcours.fr\/news\/wp-json\/wp\/v2\/posts\/763","targetHints":{"allow":["GET"]}}],"collection":[{"href":"https:\/\/www.iparcours.fr\/news\/wp-json\/wp\/v2\/posts"}],"about":[{"href":"https:\/\/www.iparcours.fr\/news\/wp-json\/wp\/v2\/types\/post"}],"author":[{"embeddable":true,"href":"https:\/\/www.iparcours.fr\/news\/wp-json\/wp\/v2\/users\/3"}],"replies":[{"embeddable":true,"href":"https:\/\/www.iparcours.fr\/news\/wp-json\/wp\/v2\/comments?post=763"}],"version-history":[{"count":28,"href":"https:\/\/www.iparcours.fr\/news\/wp-json\/wp\/v2\/posts\/763\/revisions"}],"predecessor-version":[{"id":832,"href":"https:\/\/www.iparcours.fr\/news\/wp-json\/wp\/v2\/posts\/763\/revisions\/832"}],"wp:attachment":[{"href":"https:\/\/www.iparcours.fr\/news\/wp-json\/wp\/v2\/media?parent=763"}],"wp:term":[{"taxonomy":"category","embeddable":true,"href":"https:\/\/www.iparcours.fr\/news\/wp-json\/wp\/v2\/categories?post=763"},{"taxonomy":"post_tag","embeddable":true,"href":"https:\/\/www.iparcours.fr\/news\/wp-json\/wp\/v2\/tags?post=763"}],"curies":[{"name":"wp","href":"https:\/\/api.w.org\/{rel}","templated":true}]}}