{"id":496,"date":"2022-09-24T07:45:00","date_gmt":"2022-09-24T07:45:00","guid":{"rendered":"https:\/\/www.iparcours.fr\/news\/?p=496"},"modified":"2024-04-08T14:36:32","modified_gmt":"2024-04-08T14:36:32","slug":"preparer-le-brevet-de-maths-avec-iparcours","status":"publish","type":"post","link":"https:\/\/www.iparcours.fr\/news\/preparer-le-brevet-de-maths-avec-iparcours\/","title":{"rendered":"Pr\u00e9parer le Brevet de Maths avec la collection iParcours"},"content":{"rendered":"\n<p>Le brevet se pr\u00e9pare tout au long de l&rsquo;ann\u00e9e de 3e, et m\u00eame tout au long du cycle 4. Les<a href=\"https:\/\/www.iparcours.fr\/news\/cahiers-manuels-iparcours-college\/\" target=\"_blank\" rel=\"noreferrer noopener\"> cahiers-manuels<\/a> papiers <em>iParcours Maths<\/em> et les cahiers num\u00e9riques associ\u00e9s proposent de <strong>nombreuses ressources utiles<\/strong> pour remplir cet objectif.<\/p>\n\n\n\n<p>De tr\u00e8s nombreux exercices des cahiers <em>iParcours<\/em> (en particulier en 4e et 3e) sont des <strong>annales de brevet de maths des ann\u00e9es ant\u00e9rieures<\/strong>. Comme par exemple les <a href=\"https:\/\/www.iparcours.fr\/ouvrages\/ouvrages.php?ouvrage=Cahier32022&amp;PageStart=46\" target=\"_blank\" rel=\"noreferrer noopener\">pages 46 et 47 du Cahier 3e (\u00e9d. 2022)<\/a>.<\/p>\n\n\n\n<figure class=\"wp-block-image size-full is-resized\"><img loading=\"lazy\" decoding=\"async\" src=\"https:\/\/www.iparcours.fr\/news\/wp-content\/uploads\/2022\/09\/brevet1.jpg\" alt=\"Fiche d'exercices : pr\u00e9parer le Brevet de Maths - iParcours\" class=\"wp-image-499\" width=\"623\" height=\"350\" title=\"Fiche Pr\u00e9parer le Brevet de Maths\" srcset=\"https:\/\/www.iparcours.fr\/news\/wp-content\/uploads\/2022\/09\/brevet1.jpg 477w, https:\/\/www.iparcours.fr\/news\/wp-content\/uploads\/2022\/09\/brevet1-300x169.jpg 300w\" sizes=\"auto, (max-width: 709px) 85vw, (max-width: 909px) 67vw, (max-width: 984px) 61vw, (max-width: 1362px) 45vw, 600px\" \/><\/figure>\n\n\n\n<p><\/p>\n\n\n\n<p><a href=\"https:\/\/www.iparcours.fr\/ouvrages\/ouvrages.php?ouvrage=Cahier32022&amp;PageStart=157\" target=\"_blank\" rel=\"noreferrer noopener\">Les 4 derni\u00e8res pages du cahier papier<\/a> (p157 \u00e0 160) proposent d&rsquo;ailleurs un <strong>brevet complet<\/strong>, dont les r\u00e9ponses peuvent \u00eatre directement r\u00e9dig\u00e9es sur le cahier.<\/p>\n\n\n\n<p>Afin de <strong>rester au plus pr\u00e8s des \u00e9volutions<\/strong> du brevet, 3 autres \u00e9nonc\u00e9s complets du brevet de maths 2022 <strong>ont \u00e9t\u00e9 ajout\u00e9s \u00e0 la fin du cahier num\u00e9rique 3e. <\/strong><br>Il s&rsquo;agit des brevets :<br>&#8211; <a href=\"https:\/\/www.iparcours.fr\/ouvrages\/ouvrages.php?ouvrage=Cahier32022&amp;PageStart=1611\" target=\"_blank\" rel=\"noreferrer noopener\">Am\u00e9rique du Nord Juin 2022<\/a> ;<br>&#8211; <a href=\"https:\/\/www.iparcours.fr\/ouvrages\/ouvrages.php?ouvrage=Cahier32022&amp;PageStart=167\" target=\"_blank\" rel=\"noreferrer noopener\">Centres \u00e9trangers Juin 2022<\/a> ;<br>&#8211; <a href=\"https:\/\/www.iparcours.fr\/ouvrages\/ouvrages.php?ouvrage=Cahier32022&amp;PageStart=171\" target=\"_blank\" rel=\"noreferrer noopener\">M\u00e9tropole Juin 2022<\/a>.<\/p>\n\n\n\n<figure class=\"wp-block-image size-full is-resized\"><img loading=\"lazy\" decoding=\"async\" src=\"https:\/\/www.iparcours.fr\/news\/wp-content\/uploads\/2022\/09\/brevet2.jpg\" alt=\"Exercices du Brevet de Maths (M\u00e9tropole Juin 2022) - Cahier num\u00e9rique iParcours 3e\" class=\"wp-image-501\" width=\"622\" height=\"409\" title=\"Exercices du Brevet de Maths - iParcours\" srcset=\"https:\/\/www.iparcours.fr\/news\/wp-content\/uploads\/2022\/09\/brevet2.jpg 458w, https:\/\/www.iparcours.fr\/news\/wp-content\/uploads\/2022\/09\/brevet2-300x197.jpg 300w\" sizes=\"auto, (max-width: 709px) 85vw, (max-width: 909px) 67vw, (max-width: 984px) 61vw, (max-width: 1362px) 45vw, 600px\" \/><\/figure>\n\n\n\n<p><\/p>\n\n\n\n<p>Comme tous les exercices des cahiers <em>iParcours Maths<\/em>, les exercices de ces 3 brevets complets sont <a href=\"https:\/\/www.iparcours.fr\/news\/les-corriges-fixes-et-animes-des-cahiers-numeriques-iparcours-maths\/\" target=\"_blank\" rel=\"noreferrer noopener\"><strong>corrig\u00e9s par animation<\/strong><\/a>. <\/p>\n\n\n\n<p>Voici par exemple le <a href=\"https:\/\/www.iparcours.fr\/ouvrages\/ouvrages.php?ouvrage=Cahier32022&amp;PageStart=171&amp;IdZone=27862\" target=\"_blank\" rel=\"noreferrer noopener\">corrig\u00e9 anim\u00e9 de l&rsquo;exercice 1<\/a> propos\u00e9 en M\u00e9tropole l&rsquo;an dernier. <\/p>\n\n\n\n<figure class=\"wp-block-image size-full is-resized\"><img loading=\"lazy\" decoding=\"async\" src=\"https:\/\/www.iparcours.fr\/news\/wp-content\/uploads\/2022\/09\/brevet3.jpg\" alt=\"Corrig\u00e9 anim\u00e9 d'un exercice du brevet de maths (M\u00e9tropole 2021) - iParcours\" class=\"wp-image-502\" width=\"623\" height=\"408\" title=\"Corrig\u00e9 anim\u00e9 d'un exercice du Brevet de Maths\" srcset=\"https:\/\/www.iparcours.fr\/news\/wp-content\/uploads\/2022\/09\/brevet3.jpg 985w, https:\/\/www.iparcours.fr\/news\/wp-content\/uploads\/2022\/09\/brevet3-300x197.jpg 300w, https:\/\/www.iparcours.fr\/news\/wp-content\/uploads\/2022\/09\/brevet3-768x504.jpg 768w\" sizes=\"auto, (max-width: 709px) 85vw, (max-width: 909px) 67vw, (max-width: 984px) 61vw, (max-width: 1362px) 45vw, 600px\" \/><\/figure>\n\n\n\n<p><\/p>\n\n\n\n<p>En plus des annales corrig\u00e9es, les cahiers num\u00e9riques 4e et 3e proposent de <a href=\"https:\/\/www.iparcours.fr\/news\/les-cours-cahiers-iparcours-maths\/\" target=\"_blank\" rel=\"noreferrer noopener\"><strong>nombreux cours anim\u00e9s<\/strong><\/a> ainsi que des <strong>QCM al\u00e9atoiris\u00e9s<\/strong> pour <strong>r\u00e9viser et s&rsquo;entrainer <\/strong>tout au long de l&rsquo;ann\u00e9e.<\/p>\n\n\n\n<p>Les cahiers num\u00e9riques <em><a href=\"https:\/\/www.iparcours.fr\/\" target=\"_blank\" rel=\"noreferrer noopener\">iParcours Maths<\/a><\/em> b\u00e9n\u00e9ficient d&rsquo;ailleurs de <strong>mises \u00e0 jour r\u00e9guli\u00e8res et annuelles<\/strong> afin que le contenu et les compl\u00e9ments interactifs soient renouvel\u00e9s et enrichis.<\/p>\n\n<div class=\"twitter-share\"><a href=\"https:\/\/twitter.com\/intent\/tweet?via=i_parcours\" class=\"twitter-share-button\" data-size=\"large\">Tweet<\/a><\/div>\n","protected":false},"excerpt":{"rendered":"<p>Pr\u00e9parer le Brevet de Maths avec les cahiers num\u00e9riques iParcours : ajout des sujets complets des \u00e9preuves 2022 et corrig\u00e9s anim\u00e9s !<\/p>\n","protected":false},"author":3,"featured_media":0,"comment_status":"closed","ping_status":"closed","sticky":false,"template":"","format":"standard","meta":{"footnotes":""},"categories":[4],"tags":[],"class_list":["post-496","post","type-post","status-publish","format-standard","hentry","category-college"],"yoast_head":"<!-- This site is optimized with the Yoast SEO plugin v26.9 - https:\/\/yoast.com\/product\/yoast-seo-wordpress\/ -->\n<title>Pr\u00e9parer le Brevet de Maths avec la collection iParcours<\/title>\n<meta name=\"description\" content=\"Pr\u00e9parer le Brevet de Maths avec les cahiers d&#039;exercices papier et num\u00e9riques de la collection iParcours Maths.\" \/>\n<meta name=\"robots\" content=\"index, follow, max-snippet:-1, max-image-preview:large, max-video-preview:-1\" \/>\n<link rel=\"canonical\" href=\"https:\/\/www.iparcours.fr\/news\/preparer-le-brevet-de-maths-avec-iparcours\/\" \/>\n<meta property=\"og:locale\" content=\"fr_FR\" \/>\n<meta property=\"og:type\" content=\"article\" \/>\n<meta property=\"og:title\" content=\"Pr\u00e9parer le Brevet de Maths avec la collection iParcours\" \/>\n<meta property=\"og:description\" content=\"Pr\u00e9parer le Brevet de Maths avec les cahiers num\u00e9riques iParcours !\" \/>\n<meta property=\"og:url\" content=\"https:\/\/www.iparcours.fr\/news\/preparer-le-brevet-de-maths-avec-iparcours\/\" \/>\n<meta property=\"og:site_name\" content=\"iParcours Maths\" \/>\n<meta property=\"article:published_time\" content=\"2022-09-24T07:45:00+00:00\" \/>\n<meta property=\"article:modified_time\" content=\"2024-04-08T14:36:32+00:00\" \/>\n<meta property=\"og:image\" content=\"https:\/\/www.iparcours.fr\/news\/wp-content\/uploads\/2022\/09\/brevet2.jpg\" \/>\n\t<meta property=\"og:image:width\" content=\"458\" \/>\n\t<meta property=\"og:image:height\" content=\"301\" \/>\n\t<meta property=\"og:image:type\" content=\"image\/jpeg\" \/>\n<meta name=\"author\" content=\"S\u00e9bastien Hache\" \/>\n<meta name=\"twitter:card\" content=\"summary_large_image\" \/>\n<meta name=\"twitter:title\" content=\"Pr\u00e9parer le Brevet de Maths avec la collection iParcours\" \/>\n<meta name=\"twitter:description\" content=\"Pr\u00e9parer le Brevet de Maths avec les cahiers num\u00e9riques iParcours !\" \/>\n<meta name=\"twitter:image\" content=\"https:\/\/www.iparcours.fr\/news\/wp-content\/uploads\/2022\/09\/brevet2.jpg\" \/>\n<meta name=\"twitter:label1\" content=\"\u00c9crit par\" \/>\n\t<meta name=\"twitter:data1\" content=\"S\u00e9bastien Hache\" \/>\n\t<meta name=\"twitter:label2\" content=\"Dur\u00e9e de lecture estim\u00e9e\" \/>\n\t<meta name=\"twitter:data2\" content=\"2 minutes\" \/>\n<script type=\"application\/ld+json\" class=\"yoast-schema-graph\">{\"@context\":\"https:\/\/schema.org\",\"@graph\":[{\"@type\":\"Article\",\"@id\":\"https:\/\/www.iparcours.fr\/news\/preparer-le-brevet-de-maths-avec-iparcours\/#article\",\"isPartOf\":{\"@id\":\"https:\/\/www.iparcours.fr\/news\/preparer-le-brevet-de-maths-avec-iparcours\/\"},\"author\":{\"name\":\"S\u00e9bastien Hache\",\"@id\":\"https:\/\/www.iparcours.fr\/news\/#\/schema\/person\/5e3f1d66e7ef543cf4f590349a429a20\"},\"headline\":\"Pr\u00e9parer le Brevet de Maths avec la collection iParcours\",\"datePublished\":\"2022-09-24T07:45:00+00:00\",\"dateModified\":\"2024-04-08T14:36:32+00:00\",\"mainEntityOfPage\":{\"@id\":\"https:\/\/www.iparcours.fr\/news\/preparer-le-brevet-de-maths-avec-iparcours\/\"},\"wordCount\":272,\"publisher\":{\"@id\":\"https:\/\/www.iparcours.fr\/news\/#organization\"},\"image\":{\"@id\":\"https:\/\/www.iparcours.fr\/news\/preparer-le-brevet-de-maths-avec-iparcours\/#primaryimage\"},\"thumbnailUrl\":\"https:\/\/www.iparcours.fr\/news\/wp-content\/uploads\/2022\/09\/brevet1.jpg\",\"articleSection\":[\"Coll\u00e8ge\"],\"inLanguage\":\"fr-FR\"},{\"@type\":\"WebPage\",\"@id\":\"https:\/\/www.iparcours.fr\/news\/preparer-le-brevet-de-maths-avec-iparcours\/\",\"url\":\"https:\/\/www.iparcours.fr\/news\/preparer-le-brevet-de-maths-avec-iparcours\/\",\"name\":\"Pr\u00e9parer le Brevet de Maths avec la collection iParcours\",\"isPartOf\":{\"@id\":\"https:\/\/www.iparcours.fr\/news\/#website\"},\"primaryImageOfPage\":{\"@id\":\"https:\/\/www.iparcours.fr\/news\/preparer-le-brevet-de-maths-avec-iparcours\/#primaryimage\"},\"image\":{\"@id\":\"https:\/\/www.iparcours.fr\/news\/preparer-le-brevet-de-maths-avec-iparcours\/#primaryimage\"},\"thumbnailUrl\":\"https:\/\/www.iparcours.fr\/news\/wp-content\/uploads\/2022\/09\/brevet1.jpg\",\"datePublished\":\"2022-09-24T07:45:00+00:00\",\"dateModified\":\"2024-04-08T14:36:32+00:00\",\"description\":\"Pr\u00e9parer le Brevet de Maths avec les cahiers d'exercices papier et num\u00e9riques de la collection iParcours Maths.\",\"breadcrumb\":{\"@id\":\"https:\/\/www.iparcours.fr\/news\/preparer-le-brevet-de-maths-avec-iparcours\/#breadcrumb\"},\"inLanguage\":\"fr-FR\",\"potentialAction\":[{\"@type\":\"ReadAction\",\"target\":[\"https:\/\/www.iparcours.fr\/news\/preparer-le-brevet-de-maths-avec-iparcours\/\"]}]},{\"@type\":\"ImageObject\",\"inLanguage\":\"fr-FR\",\"@id\":\"https:\/\/www.iparcours.fr\/news\/preparer-le-brevet-de-maths-avec-iparcours\/#primaryimage\",\"url\":\"https:\/\/www.iparcours.fr\/news\/wp-content\/uploads\/2022\/09\/brevet1.jpg\",\"contentUrl\":\"https:\/\/www.iparcours.fr\/news\/wp-content\/uploads\/2022\/09\/brevet1.jpg\",\"width\":477,\"height\":268,\"caption\":\"Page Brevet Maths\"},{\"@type\":\"BreadcrumbList\",\"@id\":\"https:\/\/www.iparcours.fr\/news\/preparer-le-brevet-de-maths-avec-iparcours\/#breadcrumb\",\"itemListElement\":[{\"@type\":\"ListItem\",\"position\":1,\"name\":\"Accueil\",\"item\":\"https:\/\/www.iparcours.fr\/news\/\"},{\"@type\":\"ListItem\",\"position\":2,\"name\":\"Pr\u00e9parer le Brevet de Maths avec la collection iParcours\"}]},{\"@type\":\"WebSite\",\"@id\":\"https:\/\/www.iparcours.fr\/news\/#website\",\"url\":\"https:\/\/www.iparcours.fr\/news\/\",\"name\":\"iParcours Maths\",\"description\":\"Blog d&#039;actualit\u00e9s, Espace d&#039;\u00e9changes iParcours\",\"publisher\":{\"@id\":\"https:\/\/www.iparcours.fr\/news\/#organization\"},\"potentialAction\":[{\"@type\":\"SearchAction\",\"target\":{\"@type\":\"EntryPoint\",\"urlTemplate\":\"https:\/\/www.iparcours.fr\/news\/?s={search_term_string}\"},\"query-input\":{\"@type\":\"PropertyValueSpecification\",\"valueRequired\":true,\"valueName\":\"search_term_string\"}}],\"inLanguage\":\"fr-FR\"},{\"@type\":\"Organization\",\"@id\":\"https:\/\/www.iparcours.fr\/news\/#organization\",\"name\":\"Collection iParcours Maths aux \u00e9ditions G\u00e9n\u00e9ration 5\",\"url\":\"https:\/\/www.iparcours.fr\/news\/\",\"logo\":{\"@type\":\"ImageObject\",\"inLanguage\":\"fr-FR\",\"@id\":\"https:\/\/www.iparcours.fr\/news\/#\/schema\/logo\/image\/\",\"url\":\"https:\/\/www.iparcours.fr\/news\/wp-content\/uploads\/2019\/01\/logo_iParcours.png\",\"contentUrl\":\"https:\/\/www.iparcours.fr\/news\/wp-content\/uploads\/2019\/01\/logo_iParcours.png\",\"width\":500,\"height\":131,\"caption\":\"Collection iParcours Maths aux \u00e9ditions G\u00e9n\u00e9ration 5\"},\"image\":{\"@id\":\"https:\/\/www.iparcours.fr\/news\/#\/schema\/logo\/image\/\"}},{\"@type\":\"Person\",\"@id\":\"https:\/\/www.iparcours.fr\/news\/#\/schema\/person\/5e3f1d66e7ef543cf4f590349a429a20\",\"name\":\"S\u00e9bastien Hache\",\"url\":\"https:\/\/www.iparcours.fr\/news\/author\/sebhiparcours\/\"}]}<\/script>\n<!-- \/ Yoast SEO plugin. -->","yoast_head_json":{"title":"Pr\u00e9parer le Brevet de Maths avec la collection iParcours","description":"Pr\u00e9parer le Brevet de Maths avec les cahiers d'exercices papier et num\u00e9riques de la collection iParcours Maths.","robots":{"index":"index","follow":"follow","max-snippet":"max-snippet:-1","max-image-preview":"max-image-preview:large","max-video-preview":"max-video-preview:-1"},"canonical":"https:\/\/www.iparcours.fr\/news\/preparer-le-brevet-de-maths-avec-iparcours\/","og_locale":"fr_FR","og_type":"article","og_title":"Pr\u00e9parer le Brevet de Maths avec la collection iParcours","og_description":"Pr\u00e9parer le Brevet de Maths avec les cahiers num\u00e9riques iParcours !","og_url":"https:\/\/www.iparcours.fr\/news\/preparer-le-brevet-de-maths-avec-iparcours\/","og_site_name":"iParcours Maths","article_published_time":"2022-09-24T07:45:00+00:00","article_modified_time":"2024-04-08T14:36:32+00:00","og_image":[{"width":458,"height":301,"url":"https:\/\/www.iparcours.fr\/news\/wp-content\/uploads\/2022\/09\/brevet2.jpg","type":"image\/jpeg"}],"author":"S\u00e9bastien Hache","twitter_card":"summary_large_image","twitter_title":"Pr\u00e9parer le Brevet de Maths avec la collection iParcours","twitter_description":"Pr\u00e9parer le Brevet de Maths avec les cahiers num\u00e9riques iParcours !","twitter_image":"https:\/\/www.iparcours.fr\/news\/wp-content\/uploads\/2022\/09\/brevet2.jpg","twitter_misc":{"\u00c9crit par":"S\u00e9bastien Hache","Dur\u00e9e de lecture estim\u00e9e":"2 minutes"},"schema":{"@context":"https:\/\/schema.org","@graph":[{"@type":"Article","@id":"https:\/\/www.iparcours.fr\/news\/preparer-le-brevet-de-maths-avec-iparcours\/#article","isPartOf":{"@id":"https:\/\/www.iparcours.fr\/news\/preparer-le-brevet-de-maths-avec-iparcours\/"},"author":{"name":"S\u00e9bastien Hache","@id":"https:\/\/www.iparcours.fr\/news\/#\/schema\/person\/5e3f1d66e7ef543cf4f590349a429a20"},"headline":"Pr\u00e9parer le Brevet de Maths avec la collection iParcours","datePublished":"2022-09-24T07:45:00+00:00","dateModified":"2024-04-08T14:36:32+00:00","mainEntityOfPage":{"@id":"https:\/\/www.iparcours.fr\/news\/preparer-le-brevet-de-maths-avec-iparcours\/"},"wordCount":272,"publisher":{"@id":"https:\/\/www.iparcours.fr\/news\/#organization"},"image":{"@id":"https:\/\/www.iparcours.fr\/news\/preparer-le-brevet-de-maths-avec-iparcours\/#primaryimage"},"thumbnailUrl":"https:\/\/www.iparcours.fr\/news\/wp-content\/uploads\/2022\/09\/brevet1.jpg","articleSection":["Coll\u00e8ge"],"inLanguage":"fr-FR"},{"@type":"WebPage","@id":"https:\/\/www.iparcours.fr\/news\/preparer-le-brevet-de-maths-avec-iparcours\/","url":"https:\/\/www.iparcours.fr\/news\/preparer-le-brevet-de-maths-avec-iparcours\/","name":"Pr\u00e9parer le Brevet de Maths avec la collection iParcours","isPartOf":{"@id":"https:\/\/www.iparcours.fr\/news\/#website"},"primaryImageOfPage":{"@id":"https:\/\/www.iparcours.fr\/news\/preparer-le-brevet-de-maths-avec-iparcours\/#primaryimage"},"image":{"@id":"https:\/\/www.iparcours.fr\/news\/preparer-le-brevet-de-maths-avec-iparcours\/#primaryimage"},"thumbnailUrl":"https:\/\/www.iparcours.fr\/news\/wp-content\/uploads\/2022\/09\/brevet1.jpg","datePublished":"2022-09-24T07:45:00+00:00","dateModified":"2024-04-08T14:36:32+00:00","description":"Pr\u00e9parer le Brevet de Maths avec les cahiers d'exercices papier et num\u00e9riques de la collection iParcours Maths.","breadcrumb":{"@id":"https:\/\/www.iparcours.fr\/news\/preparer-le-brevet-de-maths-avec-iparcours\/#breadcrumb"},"inLanguage":"fr-FR","potentialAction":[{"@type":"ReadAction","target":["https:\/\/www.iparcours.fr\/news\/preparer-le-brevet-de-maths-avec-iparcours\/"]}]},{"@type":"ImageObject","inLanguage":"fr-FR","@id":"https:\/\/www.iparcours.fr\/news\/preparer-le-brevet-de-maths-avec-iparcours\/#primaryimage","url":"https:\/\/www.iparcours.fr\/news\/wp-content\/uploads\/2022\/09\/brevet1.jpg","contentUrl":"https:\/\/www.iparcours.fr\/news\/wp-content\/uploads\/2022\/09\/brevet1.jpg","width":477,"height":268,"caption":"Page Brevet Maths"},{"@type":"BreadcrumbList","@id":"https:\/\/www.iparcours.fr\/news\/preparer-le-brevet-de-maths-avec-iparcours\/#breadcrumb","itemListElement":[{"@type":"ListItem","position":1,"name":"Accueil","item":"https:\/\/www.iparcours.fr\/news\/"},{"@type":"ListItem","position":2,"name":"Pr\u00e9parer le Brevet de Maths avec la collection iParcours"}]},{"@type":"WebSite","@id":"https:\/\/www.iparcours.fr\/news\/#website","url":"https:\/\/www.iparcours.fr\/news\/","name":"iParcours Maths","description":"Blog d&#039;actualit\u00e9s, Espace d&#039;\u00e9changes iParcours","publisher":{"@id":"https:\/\/www.iparcours.fr\/news\/#organization"},"potentialAction":[{"@type":"SearchAction","target":{"@type":"EntryPoint","urlTemplate":"https:\/\/www.iparcours.fr\/news\/?s={search_term_string}"},"query-input":{"@type":"PropertyValueSpecification","valueRequired":true,"valueName":"search_term_string"}}],"inLanguage":"fr-FR"},{"@type":"Organization","@id":"https:\/\/www.iparcours.fr\/news\/#organization","name":"Collection iParcours Maths aux \u00e9ditions G\u00e9n\u00e9ration 5","url":"https:\/\/www.iparcours.fr\/news\/","logo":{"@type":"ImageObject","inLanguage":"fr-FR","@id":"https:\/\/www.iparcours.fr\/news\/#\/schema\/logo\/image\/","url":"https:\/\/www.iparcours.fr\/news\/wp-content\/uploads\/2019\/01\/logo_iParcours.png","contentUrl":"https:\/\/www.iparcours.fr\/news\/wp-content\/uploads\/2019\/01\/logo_iParcours.png","width":500,"height":131,"caption":"Collection iParcours Maths aux \u00e9ditions G\u00e9n\u00e9ration 5"},"image":{"@id":"https:\/\/www.iparcours.fr\/news\/#\/schema\/logo\/image\/"}},{"@type":"Person","@id":"https:\/\/www.iparcours.fr\/news\/#\/schema\/person\/5e3f1d66e7ef543cf4f590349a429a20","name":"S\u00e9bastien Hache","url":"https:\/\/www.iparcours.fr\/news\/author\/sebhiparcours\/"}]}},"_links":{"self":[{"href":"https:\/\/www.iparcours.fr\/news\/wp-json\/wp\/v2\/posts\/496","targetHints":{"allow":["GET"]}}],"collection":[{"href":"https:\/\/www.iparcours.fr\/news\/wp-json\/wp\/v2\/posts"}],"about":[{"href":"https:\/\/www.iparcours.fr\/news\/wp-json\/wp\/v2\/types\/post"}],"author":[{"embeddable":true,"href":"https:\/\/www.iparcours.fr\/news\/wp-json\/wp\/v2\/users\/3"}],"replies":[{"embeddable":true,"href":"https:\/\/www.iparcours.fr\/news\/wp-json\/wp\/v2\/comments?post=496"}],"version-history":[{"count":12,"href":"https:\/\/www.iparcours.fr\/news\/wp-json\/wp\/v2\/posts\/496\/revisions"}],"predecessor-version":[{"id":521,"href":"https:\/\/www.iparcours.fr\/news\/wp-json\/wp\/v2\/posts\/496\/revisions\/521"}],"wp:attachment":[{"href":"https:\/\/www.iparcours.fr\/news\/wp-json\/wp\/v2\/media?parent=496"}],"wp:term":[{"taxonomy":"category","embeddable":true,"href":"https:\/\/www.iparcours.fr\/news\/wp-json\/wp\/v2\/categories?post=496"},{"taxonomy":"post_tag","embeddable":true,"href":"https:\/\/www.iparcours.fr\/news\/wp-json\/wp\/v2\/tags?post=496"}],"curies":[{"name":"wp","href":"https:\/\/api.w.org\/{rel}","templated":true}]}}