{"id":143,"date":"2019-06-01T13:27:18","date_gmt":"2019-06-01T13:27:18","guid":{"rendered":"https:\/\/www.iparcours.fr\/news\/?p=143"},"modified":"2024-04-08T14:37:41","modified_gmt":"2024-04-08T14:37:41","slug":"nouveaux-reperes-de-progression-maths-college","status":"publish","type":"post","link":"https:\/\/www.iparcours.fr\/news\/nouveaux-reperes-de-progression-maths-college\/","title":{"rendered":"Nouveaux rep\u00e8res de progression Maths Coll\u00e8ge"},"content":{"rendered":"\n<p><a href=\"https:\/\/www.education.gouv.fr\/pid285\/bulletin_officiel.html?cid_bo=141642\">Les nouveaux rep\u00e8res annuels de progression et les attendus de fin d&rsquo;ann\u00e9e viennent de para\u00eetre au Bulletin Officiel<\/a>.<\/p>\n\n\n\n<p>Ils concernent en particulier les math\u00e9matiques pour les cycles 3 et cycles 4 (mais pas seulement). Ils font suite \u00e0 <a href=\"https:\/\/eduscol.education.fr\/pid38211\/consultation-reperes-attendus.html\">la consultation lanc\u00e9e par le minist\u00e8re de l&rsquo;\u00e9ducation en fin d&rsquo;ann\u00e9e derni\u00e8re<\/a>.<\/p>\n\n\n\n<p>Les diff\u00e9rences entre la version officielle et la version mise en consultation sont tr\u00e8s minimes : elles ne concernent pas d&rsquo;\u00e9l\u00e9ments structurants mais plut\u00f4t des am\u00e9liorations dans les exemples donn\u00e9s ou les formulations. De ce fait, <a href=\"https:\/\/www.iparcours.fr\/ouvrages\/\">la collection de cahiers iParcours 2019<\/a> qui a \u00e9t\u00e9 repens\u00e9e en fonction de ces nouveaux textes est en conformit\u00e9 avec les demandes de l&rsquo;Institution pour la rentr\u00e9e 2019.<\/p>\n\n\n\n<figure class=\"wp-block-image\"><img loading=\"lazy\" decoding=\"async\" width=\"1024\" height=\"374\" src=\"https:\/\/www.iparcours.fr\/news\/wp-content\/uploads\/2019\/06\/iparcours2019-1024x374.png\" alt=\"\" class=\"wp-image-148\" srcset=\"https:\/\/www.iparcours.fr\/news\/wp-content\/uploads\/2019\/06\/iparcours2019-1024x374.png 1024w, https:\/\/www.iparcours.fr\/news\/wp-content\/uploads\/2019\/06\/iparcours2019-300x109.png 300w, https:\/\/www.iparcours.fr\/news\/wp-content\/uploads\/2019\/06\/iparcours2019-768x280.png 768w, https:\/\/www.iparcours.fr\/news\/wp-content\/uploads\/2019\/06\/iparcours2019.png 1102w\" sizes=\"auto, (max-width: 709px) 85vw, (max-width: 909px) 67vw, (max-width: 1362px) 62vw, 840px\" \/><\/figure>\n\n\n\n<p>L&rsquo;objectif de la refonte a donc \u00e9t\u00e9 de repenser la progression des cahiers au cycle 4 et d&rsquo;ajouter quelques \u00e9l\u00e9ments nouveaux pour le cahier de 6e. Globalement, les utilisateurs des cahiers iParcours s&rsquo;y retrouveront ais\u00e9ment. Mais il nous paraissait essentiel, pour un cahier \u00e0 l&rsquo;ann\u00e9e, d&rsquo;\u00eatre en parfaite ad\u00e9quation avec les programmes.<\/p>\n\n\n\n<p>Pour le cycle 4, les nouveaux rep\u00e8res de progression fixent pour chaque ann\u00e9e (5e\/ 4e \/ 3e) ce qui doit \u00eatre enseign\u00e9. Par exemple, le th\u00e9or\u00e8me de Thal\u00e8s est d&rsquo;abord vu en 4e (triangles emboit\u00e9s) puis revu en 3e (configuration papillon). De m\u00eame, pour ce qui concerne la trigonom\u00e9trie, le cosinus est vu en 4e puis le reste en 3e. Cela n&rsquo;est pas sans rappeler les programmes pr\u00e9c\u00e9dents.<\/p>\n\n\n\n<p>Concernant <a href=\"https:\/\/cache.media.education.gouv.fr\/file\/20\/36\/2\/ensel283_annexe26_1120362.pdf\">l&rsquo;arithm\u00e9tique, les nombres premiers et la d\u00e9composition en facteurs premiers sont vus d\u00e8s la 5e<\/a>.<\/p>\n\n\n\n<figure class=\"wp-block-image\"><img loading=\"lazy\" decoding=\"async\" width=\"1015\" height=\"206\" src=\"https:\/\/www.iparcours.fr\/news\/wp-content\/uploads\/2019\/06\/cycle4.png\" alt=\"\" class=\"wp-image-151\" srcset=\"https:\/\/www.iparcours.fr\/news\/wp-content\/uploads\/2019\/06\/cycle4.png 1015w, https:\/\/www.iparcours.fr\/news\/wp-content\/uploads\/2019\/06\/cycle4-300x61.png 300w, https:\/\/www.iparcours.fr\/news\/wp-content\/uploads\/2019\/06\/cycle4-768x156.png 768w\" sizes=\"auto, (max-width: 709px) 85vw, (max-width: 909px) 67vw, (max-width: 1362px) 62vw, 840px\" \/><\/figure>\n\n\n\n<p>Dans la capture ci-dessus, chaque colonne correspond \u00e0 une ann\u00e9e du cycle (5e, 4e, 3e). Dans la collection iParcours, des chapitres d&rsquo;arithm\u00e9tique ont donc \u00e9t\u00e9 introduits en 5e et en 4e.<\/p>\n\n\n\n<figure class=\"wp-block-image\"><img loading=\"lazy\" decoding=\"async\" width=\"560\" height=\"188\" src=\"https:\/\/www.iparcours.fr\/news\/wp-content\/uploads\/2019\/06\/divisibilite.png\" alt=\"\" class=\"wp-image-153\" srcset=\"https:\/\/www.iparcours.fr\/news\/wp-content\/uploads\/2019\/06\/divisibilite.png 560w, https:\/\/www.iparcours.fr\/news\/wp-content\/uploads\/2019\/06\/divisibilite-300x101.png 300w\" sizes=\"auto, (max-width: 560px) 85vw, 560px\" \/><\/figure>\n\n\n\n<p>Les nouveaux rep\u00e8res pr\u00e9cisent \u00e9galement la progression pour les puissances (en 4e et 3e) ainsi que pour les statistiques. Plus g\u00e9n\u00e9ralement, certains chapitres (par exemple translations ou rotations) sont d\u00e9sormais clairement attach\u00e9s \u00e0 une ann\u00e9e d&rsquo;enseignement.<\/p>\n\n\n\n<p>La refonte de la collection iParcours a permis \u00e9galement d&rsquo;am\u00e9liorer consid\u00e9rablement les ressources pr\u00e9sent\u00e9es en 4e et en 3e, en particulier pour les chapitres sur les nombres et calculs. Pour ces 2 niveaux, de nombreux exercices de brevet r\u00e9cents ont \u00e9galement \u00e9t\u00e9 ajout\u00e9s, permettant de s&rsquo;entrainer tout au long de l&rsquo;ann\u00e9e (avec des captures actualis\u00e9es de Scratch). <a href=\"https:\/\/www.iparcours.fr\/news\/tout-un-cahier-corrige-par-animations\/\">Les cahiers num\u00e9riques ont \u00e9t\u00e9 aussi am\u00e9lior\u00e9s et enrichis dans la foul\u00e9e<\/a>.<\/p>\n\n<div class=\"twitter-share\"><a href=\"https:\/\/twitter.com\/intent\/tweet?via=i_parcours\" class=\"twitter-share-button\" data-size=\"large\">Tweet<\/a><\/div>\n","protected":false},"excerpt":{"rendered":"<p>Les nouveaux rep\u00e8res annuels de progression et les attendus de fin d&rsquo;ann\u00e9e viennent de para\u00eetre au Bulletin Officiel. Ils concernent en particulier les math\u00e9matiques pour les cycles 3 et cycles 4 (mais pas seulement). Ils font suite \u00e0 la consultation lanc\u00e9e par le minist\u00e8re de l&rsquo;\u00e9ducation en fin d&rsquo;ann\u00e9e derni\u00e8re. Les diff\u00e9rences entre la version &hellip; <a href=\"https:\/\/www.iparcours.fr\/news\/nouveaux-reperes-de-progression-maths-college\/\" class=\"more-link\">Continuer la lecture<span class=\"screen-reader-text\"> de &laquo;&nbsp;Nouveaux rep\u00e8res de progression Maths Coll\u00e8ge&nbsp;&raquo;<\/span><\/a><\/p>\n","protected":false},"author":3,"featured_media":0,"comment_status":"closed","ping_status":"closed","sticky":false,"template":"","format":"standard","meta":{"footnotes":""},"categories":[4],"tags":[],"class_list":["post-143","post","type-post","status-publish","format-standard","hentry","category-college"],"yoast_head":"<!-- This site is optimized with the Yoast SEO plugin v26.9 - https:\/\/yoast.com\/product\/yoast-seo-wordpress\/ -->\n<title>Nouveaux rep\u00e8res de progression Maths Coll\u00e8ge - iParcours Maths<\/title>\n<meta name=\"description\" content=\"Les rep\u00e8res de progressions annuels de Math\u00e9matiques au coll\u00e8ge.\" \/>\n<meta name=\"robots\" content=\"index, follow, max-snippet:-1, max-image-preview:large, max-video-preview:-1\" \/>\n<link rel=\"canonical\" href=\"https:\/\/www.iparcours.fr\/news\/nouveaux-reperes-de-progression-maths-college\/\" \/>\n<meta property=\"og:locale\" content=\"fr_FR\" \/>\n<meta property=\"og:type\" content=\"article\" \/>\n<meta property=\"og:title\" content=\"Nouveaux rep\u00e8res de progression Maths Coll\u00e8ge - iParcours Maths\" \/>\n<meta property=\"og:description\" content=\"Les rep\u00e8res de progressions annuels de Math\u00e9matiques au coll\u00e8ge.\" \/>\n<meta property=\"og:url\" content=\"https:\/\/www.iparcours.fr\/news\/nouveaux-reperes-de-progression-maths-college\/\" \/>\n<meta property=\"og:site_name\" content=\"iParcours Maths\" \/>\n<meta property=\"article:published_time\" content=\"2019-06-01T13:27:18+00:00\" \/>\n<meta property=\"article:modified_time\" content=\"2024-04-08T14:37:41+00:00\" \/>\n<meta property=\"og:image\" content=\"https:\/\/www.iparcours.fr\/news\/wp-content\/uploads\/2019\/06\/iparcours2019-1024x374.png\" \/>\n<meta name=\"author\" content=\"S\u00e9bastien Hache\" \/>\n<meta name=\"twitter:card\" content=\"summary_large_image\" \/>\n<meta name=\"twitter:label1\" content=\"\u00c9crit par\" \/>\n\t<meta name=\"twitter:data1\" content=\"S\u00e9bastien Hache\" \/>\n\t<meta name=\"twitter:label2\" content=\"Dur\u00e9e de lecture estim\u00e9e\" \/>\n\t<meta name=\"twitter:data2\" content=\"3 minutes\" \/>\n<script type=\"application\/ld+json\" class=\"yoast-schema-graph\">{\"@context\":\"https:\/\/schema.org\",\"@graph\":[{\"@type\":\"Article\",\"@id\":\"https:\/\/www.iparcours.fr\/news\/nouveaux-reperes-de-progression-maths-college\/#article\",\"isPartOf\":{\"@id\":\"https:\/\/www.iparcours.fr\/news\/nouveaux-reperes-de-progression-maths-college\/\"},\"author\":{\"name\":\"S\u00e9bastien Hache\",\"@id\":\"https:\/\/www.iparcours.fr\/news\/#\/schema\/person\/5e3f1d66e7ef543cf4f590349a429a20\"},\"headline\":\"Nouveaux rep\u00e8res de progression Maths Coll\u00e8ge\",\"datePublished\":\"2019-06-01T13:27:18+00:00\",\"dateModified\":\"2024-04-08T14:37:41+00:00\",\"mainEntityOfPage\":{\"@id\":\"https:\/\/www.iparcours.fr\/news\/nouveaux-reperes-de-progression-maths-college\/\"},\"wordCount\":453,\"publisher\":{\"@id\":\"https:\/\/www.iparcours.fr\/news\/#organization\"},\"image\":{\"@id\":\"https:\/\/www.iparcours.fr\/news\/nouveaux-reperes-de-progression-maths-college\/#primaryimage\"},\"thumbnailUrl\":\"https:\/\/www.iparcours.fr\/news\/wp-content\/uploads\/2019\/06\/iparcours2019-1024x374.png\",\"articleSection\":[\"Coll\u00e8ge\"],\"inLanguage\":\"fr-FR\"},{\"@type\":\"WebPage\",\"@id\":\"https:\/\/www.iparcours.fr\/news\/nouveaux-reperes-de-progression-maths-college\/\",\"url\":\"https:\/\/www.iparcours.fr\/news\/nouveaux-reperes-de-progression-maths-college\/\",\"name\":\"Nouveaux rep\u00e8res de progression Maths Coll\u00e8ge - iParcours Maths\",\"isPartOf\":{\"@id\":\"https:\/\/www.iparcours.fr\/news\/#website\"},\"primaryImageOfPage\":{\"@id\":\"https:\/\/www.iparcours.fr\/news\/nouveaux-reperes-de-progression-maths-college\/#primaryimage\"},\"image\":{\"@id\":\"https:\/\/www.iparcours.fr\/news\/nouveaux-reperes-de-progression-maths-college\/#primaryimage\"},\"thumbnailUrl\":\"https:\/\/www.iparcours.fr\/news\/wp-content\/uploads\/2019\/06\/iparcours2019-1024x374.png\",\"datePublished\":\"2019-06-01T13:27:18+00:00\",\"dateModified\":\"2024-04-08T14:37:41+00:00\",\"description\":\"Les rep\u00e8res de progressions annuels de Math\u00e9matiques au coll\u00e8ge.\",\"breadcrumb\":{\"@id\":\"https:\/\/www.iparcours.fr\/news\/nouveaux-reperes-de-progression-maths-college\/#breadcrumb\"},\"inLanguage\":\"fr-FR\",\"potentialAction\":[{\"@type\":\"ReadAction\",\"target\":[\"https:\/\/www.iparcours.fr\/news\/nouveaux-reperes-de-progression-maths-college\/\"]}]},{\"@type\":\"ImageObject\",\"inLanguage\":\"fr-FR\",\"@id\":\"https:\/\/www.iparcours.fr\/news\/nouveaux-reperes-de-progression-maths-college\/#primaryimage\",\"url\":\"https:\/\/www.iparcours.fr\/news\/wp-content\/uploads\/2019\/06\/iparcours2019.png\",\"contentUrl\":\"https:\/\/www.iparcours.fr\/news\/wp-content\/uploads\/2019\/06\/iparcours2019.png\",\"width\":1102,\"height\":402},{\"@type\":\"BreadcrumbList\",\"@id\":\"https:\/\/www.iparcours.fr\/news\/nouveaux-reperes-de-progression-maths-college\/#breadcrumb\",\"itemListElement\":[{\"@type\":\"ListItem\",\"position\":1,\"name\":\"Accueil\",\"item\":\"https:\/\/www.iparcours.fr\/news\/\"},{\"@type\":\"ListItem\",\"position\":2,\"name\":\"Nouveaux rep\u00e8res de progression Maths Coll\u00e8ge\"}]},{\"@type\":\"WebSite\",\"@id\":\"https:\/\/www.iparcours.fr\/news\/#website\",\"url\":\"https:\/\/www.iparcours.fr\/news\/\",\"name\":\"iParcours Maths\",\"description\":\"Blog d&#039;actualit\u00e9s, Espace d&#039;\u00e9changes iParcours\",\"publisher\":{\"@id\":\"https:\/\/www.iparcours.fr\/news\/#organization\"},\"potentialAction\":[{\"@type\":\"SearchAction\",\"target\":{\"@type\":\"EntryPoint\",\"urlTemplate\":\"https:\/\/www.iparcours.fr\/news\/?s={search_term_string}\"},\"query-input\":{\"@type\":\"PropertyValueSpecification\",\"valueRequired\":true,\"valueName\":\"search_term_string\"}}],\"inLanguage\":\"fr-FR\"},{\"@type\":\"Organization\",\"@id\":\"https:\/\/www.iparcours.fr\/news\/#organization\",\"name\":\"Collection iParcours Maths aux \u00e9ditions G\u00e9n\u00e9ration 5\",\"url\":\"https:\/\/www.iparcours.fr\/news\/\",\"logo\":{\"@type\":\"ImageObject\",\"inLanguage\":\"fr-FR\",\"@id\":\"https:\/\/www.iparcours.fr\/news\/#\/schema\/logo\/image\/\",\"url\":\"https:\/\/www.iparcours.fr\/news\/wp-content\/uploads\/2019\/01\/logo_iParcours.png\",\"contentUrl\":\"https:\/\/www.iparcours.fr\/news\/wp-content\/uploads\/2019\/01\/logo_iParcours.png\",\"width\":500,\"height\":131,\"caption\":\"Collection iParcours Maths aux \u00e9ditions G\u00e9n\u00e9ration 5\"},\"image\":{\"@id\":\"https:\/\/www.iparcours.fr\/news\/#\/schema\/logo\/image\/\"}},{\"@type\":\"Person\",\"@id\":\"https:\/\/www.iparcours.fr\/news\/#\/schema\/person\/5e3f1d66e7ef543cf4f590349a429a20\",\"name\":\"S\u00e9bastien Hache\",\"url\":\"https:\/\/www.iparcours.fr\/news\/author\/sebhiparcours\/\"}]}<\/script>\n<!-- \/ Yoast SEO plugin. -->","yoast_head_json":{"title":"Nouveaux rep\u00e8res de progression Maths Coll\u00e8ge - iParcours Maths","description":"Les rep\u00e8res de progressions annuels de Math\u00e9matiques au coll\u00e8ge.","robots":{"index":"index","follow":"follow","max-snippet":"max-snippet:-1","max-image-preview":"max-image-preview:large","max-video-preview":"max-video-preview:-1"},"canonical":"https:\/\/www.iparcours.fr\/news\/nouveaux-reperes-de-progression-maths-college\/","og_locale":"fr_FR","og_type":"article","og_title":"Nouveaux rep\u00e8res de progression Maths Coll\u00e8ge - iParcours Maths","og_description":"Les rep\u00e8res de progressions annuels de Math\u00e9matiques au coll\u00e8ge.","og_url":"https:\/\/www.iparcours.fr\/news\/nouveaux-reperes-de-progression-maths-college\/","og_site_name":"iParcours Maths","article_published_time":"2019-06-01T13:27:18+00:00","article_modified_time":"2024-04-08T14:37:41+00:00","og_image":[{"url":"https:\/\/www.iparcours.fr\/news\/wp-content\/uploads\/2019\/06\/iparcours2019-1024x374.png","type":"","width":"","height":""}],"author":"S\u00e9bastien Hache","twitter_card":"summary_large_image","twitter_misc":{"\u00c9crit par":"S\u00e9bastien Hache","Dur\u00e9e de lecture estim\u00e9e":"3 minutes"},"schema":{"@context":"https:\/\/schema.org","@graph":[{"@type":"Article","@id":"https:\/\/www.iparcours.fr\/news\/nouveaux-reperes-de-progression-maths-college\/#article","isPartOf":{"@id":"https:\/\/www.iparcours.fr\/news\/nouveaux-reperes-de-progression-maths-college\/"},"author":{"name":"S\u00e9bastien Hache","@id":"https:\/\/www.iparcours.fr\/news\/#\/schema\/person\/5e3f1d66e7ef543cf4f590349a429a20"},"headline":"Nouveaux rep\u00e8res de progression Maths Coll\u00e8ge","datePublished":"2019-06-01T13:27:18+00:00","dateModified":"2024-04-08T14:37:41+00:00","mainEntityOfPage":{"@id":"https:\/\/www.iparcours.fr\/news\/nouveaux-reperes-de-progression-maths-college\/"},"wordCount":453,"publisher":{"@id":"https:\/\/www.iparcours.fr\/news\/#organization"},"image":{"@id":"https:\/\/www.iparcours.fr\/news\/nouveaux-reperes-de-progression-maths-college\/#primaryimage"},"thumbnailUrl":"https:\/\/www.iparcours.fr\/news\/wp-content\/uploads\/2019\/06\/iparcours2019-1024x374.png","articleSection":["Coll\u00e8ge"],"inLanguage":"fr-FR"},{"@type":"WebPage","@id":"https:\/\/www.iparcours.fr\/news\/nouveaux-reperes-de-progression-maths-college\/","url":"https:\/\/www.iparcours.fr\/news\/nouveaux-reperes-de-progression-maths-college\/","name":"Nouveaux rep\u00e8res de progression Maths Coll\u00e8ge - iParcours Maths","isPartOf":{"@id":"https:\/\/www.iparcours.fr\/news\/#website"},"primaryImageOfPage":{"@id":"https:\/\/www.iparcours.fr\/news\/nouveaux-reperes-de-progression-maths-college\/#primaryimage"},"image":{"@id":"https:\/\/www.iparcours.fr\/news\/nouveaux-reperes-de-progression-maths-college\/#primaryimage"},"thumbnailUrl":"https:\/\/www.iparcours.fr\/news\/wp-content\/uploads\/2019\/06\/iparcours2019-1024x374.png","datePublished":"2019-06-01T13:27:18+00:00","dateModified":"2024-04-08T14:37:41+00:00","description":"Les rep\u00e8res de progressions annuels de Math\u00e9matiques au coll\u00e8ge.","breadcrumb":{"@id":"https:\/\/www.iparcours.fr\/news\/nouveaux-reperes-de-progression-maths-college\/#breadcrumb"},"inLanguage":"fr-FR","potentialAction":[{"@type":"ReadAction","target":["https:\/\/www.iparcours.fr\/news\/nouveaux-reperes-de-progression-maths-college\/"]}]},{"@type":"ImageObject","inLanguage":"fr-FR","@id":"https:\/\/www.iparcours.fr\/news\/nouveaux-reperes-de-progression-maths-college\/#primaryimage","url":"https:\/\/www.iparcours.fr\/news\/wp-content\/uploads\/2019\/06\/iparcours2019.png","contentUrl":"https:\/\/www.iparcours.fr\/news\/wp-content\/uploads\/2019\/06\/iparcours2019.png","width":1102,"height":402},{"@type":"BreadcrumbList","@id":"https:\/\/www.iparcours.fr\/news\/nouveaux-reperes-de-progression-maths-college\/#breadcrumb","itemListElement":[{"@type":"ListItem","position":1,"name":"Accueil","item":"https:\/\/www.iparcours.fr\/news\/"},{"@type":"ListItem","position":2,"name":"Nouveaux rep\u00e8res de progression Maths Coll\u00e8ge"}]},{"@type":"WebSite","@id":"https:\/\/www.iparcours.fr\/news\/#website","url":"https:\/\/www.iparcours.fr\/news\/","name":"iParcours Maths","description":"Blog d&#039;actualit\u00e9s, Espace d&#039;\u00e9changes iParcours","publisher":{"@id":"https:\/\/www.iparcours.fr\/news\/#organization"},"potentialAction":[{"@type":"SearchAction","target":{"@type":"EntryPoint","urlTemplate":"https:\/\/www.iparcours.fr\/news\/?s={search_term_string}"},"query-input":{"@type":"PropertyValueSpecification","valueRequired":true,"valueName":"search_term_string"}}],"inLanguage":"fr-FR"},{"@type":"Organization","@id":"https:\/\/www.iparcours.fr\/news\/#organization","name":"Collection iParcours Maths aux \u00e9ditions G\u00e9n\u00e9ration 5","url":"https:\/\/www.iparcours.fr\/news\/","logo":{"@type":"ImageObject","inLanguage":"fr-FR","@id":"https:\/\/www.iparcours.fr\/news\/#\/schema\/logo\/image\/","url":"https:\/\/www.iparcours.fr\/news\/wp-content\/uploads\/2019\/01\/logo_iParcours.png","contentUrl":"https:\/\/www.iparcours.fr\/news\/wp-content\/uploads\/2019\/01\/logo_iParcours.png","width":500,"height":131,"caption":"Collection iParcours Maths aux \u00e9ditions G\u00e9n\u00e9ration 5"},"image":{"@id":"https:\/\/www.iparcours.fr\/news\/#\/schema\/logo\/image\/"}},{"@type":"Person","@id":"https:\/\/www.iparcours.fr\/news\/#\/schema\/person\/5e3f1d66e7ef543cf4f590349a429a20","name":"S\u00e9bastien Hache","url":"https:\/\/www.iparcours.fr\/news\/author\/sebhiparcours\/"}]}},"_links":{"self":[{"href":"https:\/\/www.iparcours.fr\/news\/wp-json\/wp\/v2\/posts\/143","targetHints":{"allow":["GET"]}}],"collection":[{"href":"https:\/\/www.iparcours.fr\/news\/wp-json\/wp\/v2\/posts"}],"about":[{"href":"https:\/\/www.iparcours.fr\/news\/wp-json\/wp\/v2\/types\/post"}],"author":[{"embeddable":true,"href":"https:\/\/www.iparcours.fr\/news\/wp-json\/wp\/v2\/users\/3"}],"replies":[{"embeddable":true,"href":"https:\/\/www.iparcours.fr\/news\/wp-json\/wp\/v2\/comments?post=143"}],"version-history":[{"count":14,"href":"https:\/\/www.iparcours.fr\/news\/wp-json\/wp\/v2\/posts\/143\/revisions"}],"predecessor-version":[{"id":160,"href":"https:\/\/www.iparcours.fr\/news\/wp-json\/wp\/v2\/posts\/143\/revisions\/160"}],"wp:attachment":[{"href":"https:\/\/www.iparcours.fr\/news\/wp-json\/wp\/v2\/media?parent=143"}],"wp:term":[{"taxonomy":"category","embeddable":true,"href":"https:\/\/www.iparcours.fr\/news\/wp-json\/wp\/v2\/categories?post=143"},{"taxonomy":"post_tag","embeddable":true,"href":"https:\/\/www.iparcours.fr\/news\/wp-json\/wp\/v2\/tags?post=143"}],"curies":[{"name":"wp","href":"https:\/\/api.w.org\/{rel}","templated":true}]}}